{"id":938,"date":"2025-04-16T13:39:26","date_gmt":"2025-04-16T13:39:26","guid":{"rendered":"https:\/\/victoria.gob.ar\/prensa\/?p=938"},"modified":"2025-04-16T13:39:27","modified_gmt":"2025-04-16T13:39:27","slug":"campana-gratuita-de-vacunacion-antirrabica-para-perros-y-gatos","status":"publish","type":"post","link":"https:\/\/victoria.gob.ar\/prensa\/campana-gratuita-de-vacunacion-antirrabica-para-perros-y-gatos\/","title":{"rendered":"CAMPA\u00d1A GRATUITA DE VACUNACI\u00d3N ANTIRR\u00c1BICA PARA PERROS Y GATOS"},"content":{"rendered":"\n<p>Consult\u00e1 el cronograma porque hubo modificaciones (la campa\u00f1a no se realizar\u00e1 en el CIC, pero se a\u00f1adi\u00f3 el Refugio del Cuarto Cuartel).<\/p>\n\n\n\n<p>26 y 27 de abril<br>De 09:00 a 13:00 h<br>En todos los lugares indicados en el flyer.<\/p>\n\n\n\n<p>Desde el \u00c1rea Veterinaria municipal organizamos esta campa\u00f1a donde se vacunar\u00e1 a todos los perros y gatos mayores de 3 meses.<\/p>\n\n\n\n<p>La rabia es una enfermedad mortal y se transmite a las personas. Para prevenirla, debemos vacunar a nuestros perros y gatos una vez al a\u00f1o. La vacunaci\u00f3n es obligatoria a partir de los 3 meses de edad y durante toda su vida.<\/p>\n\n\n\n<figure class=\"wp-block-image size-large\"><img fetchpriority=\"high\" decoding=\"async\" width=\"819\" height=\"1024\" src=\"https:\/\/victoria.gob.ar\/prensa\/wp-content\/uploads\/2025\/04\/hoy-819x1024.jpeg\" alt=\"\" class=\"wp-image-939\" srcset=\"https:\/\/victoria.gob.ar\/prensa\/wp-content\/uploads\/2025\/04\/hoy-819x1024.jpeg 819w, https:\/\/victoria.gob.ar\/prensa\/wp-content\/uploads\/2025\/04\/hoy-240x300.jpeg 240w, https:\/\/victoria.gob.ar\/prensa\/wp-content\/uploads\/2025\/04\/hoy-768x960.jpeg 768w, https:\/\/victoria.gob.ar\/prensa\/wp-content\/uploads\/2025\/04\/hoy.jpeg 1080w\" sizes=\"(max-width: 819px) 100vw, 819px\" \/><\/figure>\n\n\n\n<figure class=\"wp-block-image size-large\"><img decoding=\"async\" width=\"819\" height=\"1024\" src=\"https:\/\/victoria.gob.ar\/prensa\/wp-content\/uploads\/2025\/04\/hoy2-819x1024.jpeg\" alt=\"\" class=\"wp-image-940\" srcset=\"https:\/\/victoria.gob.ar\/prensa\/wp-content\/uploads\/2025\/04\/hoy2-819x1024.jpeg 819w, https:\/\/victoria.gob.ar\/prensa\/wp-content\/uploads\/2025\/04\/hoy2-240x300.jpeg 240w, https:\/\/victoria.gob.ar\/prensa\/wp-content\/uploads\/2025\/04\/hoy2-768x960.jpeg 768w, https:\/\/victoria.gob.ar\/prensa\/wp-content\/uploads\/2025\/04\/hoy2.jpeg 1080w\" sizes=\"(max-width: 819px) 100vw, 819px\" \/><\/figure>\n","protected":false},"excerpt":{"rendered":"<p>Consult\u00e1 el cronograma porque hubo modificaciones (la campa\u00f1a no se realizar\u00e1 en el CIC, pero se a\u00f1adi\u00f3 el Refugio del Cuarto Cuartel). 26 y 27 de abrilDe 09:00 a 13:00&hellip; <\/p>\n","protected":false},"author":1,"featured_media":941,"comment_status":"open","ping_status":"open","sticky":false,"template":"","format":"standard","meta":{"footnotes":""},"categories":[16,9],"tags":[],"class_list":["post-938","post","type-post","status-publish","format-standard","has-post-thumbnail","hentry","category-castraciones","category-gestion"],"_links":{"self":[{"href":"https:\/\/victoria.gob.ar\/prensa\/wp-json\/wp\/v2\/posts\/938","targetHints":{"allow":["GET"]}}],"collection":[{"href":"https:\/\/victoria.gob.ar\/prensa\/wp-json\/wp\/v2\/posts"}],"about":[{"href":"https:\/\/victoria.gob.ar\/prensa\/wp-json\/wp\/v2\/types\/post"}],"author":[{"embeddable":true,"href":"https:\/\/victoria.gob.ar\/prensa\/wp-json\/wp\/v2\/users\/1"}],"replies":[{"embeddable":true,"href":"https:\/\/victoria.gob.ar\/prensa\/wp-json\/wp\/v2\/comments?post=938"}],"version-history":[{"count":1,"href":"https:\/\/victoria.gob.ar\/prensa\/wp-json\/wp\/v2\/posts\/938\/revisions"}],"predecessor-version":[{"id":942,"href":"https:\/\/victoria.gob.ar\/prensa\/wp-json\/wp\/v2\/posts\/938\/revisions\/942"}],"wp:featuredmedia":[{"embeddable":true,"href":"https:\/\/victoria.gob.ar\/prensa\/wp-json\/wp\/v2\/media\/941"}],"wp:attachment":[{"href":"https:\/\/victoria.gob.ar\/prensa\/wp-json\/wp\/v2\/media?parent=938"}],"wp:term":[{"taxonomy":"category","embeddable":true,"href":"https:\/\/victoria.gob.ar\/prensa\/wp-json\/wp\/v2\/categories?post=938"},{"taxonomy":"post_tag","embeddable":true,"href":"https:\/\/victoria.gob.ar\/prensa\/wp-json\/wp\/v2\/tags?post=938"}],"curies":[{"name":"wp","href":"https:\/\/api.w.org\/{rel}","templated":true}]}}