{"id":857,"date":"2025-04-10T12:37:22","date_gmt":"2025-04-10T12:37:22","guid":{"rendered":"https:\/\/victoria.gob.ar\/prensa\/?p=857"},"modified":"2025-04-10T12:37:23","modified_gmt":"2025-04-10T12:37:23","slug":"hablemos-de-autismo","status":"publish","type":"post","link":"https:\/\/victoria.gob.ar\/prensa\/hablemos-de-autismo\/","title":{"rendered":"HABLEMOS DE AUTISMO"},"content":{"rendered":"\n<p>En abril, la Municipalidad de Victoria, a trav\u00e9s de las \u00e1reas de Discapacidad y Salud Mental Comunitaria, est\u00e1 llevando adelante diversas actividades. Entre \u00e9stas, ayer se realiz\u00f3 el conversatorio \u00abHablemos de Autismo\u00bb, en el Cine Teatro Victoria con destacados disertantes como Mar\u00eda In\u00e9s Navarro, Carola Bernardis y Gustavo Aguirre, quienes brindaron informaci\u00f3n y herramientas para profesionales, padres y autoridades con el fin de tener una comunidad m\u00e1s inclusiva \ud83c\udf08\ud83d\udc95.<\/p>\n\n\n\n<p>\ud83d\udccc \u00a1Consult\u00e1 en las publicaciones fijadas del Facebook o Instagram de la Municipalidad de Victoria (victoria.gob.ar) el cronograma de actividades porque todav\u00eda hay m\u00e1s!<\/p>\n\n\n\n<figure class=\"wp-block-gallery has-nested-images columns-default is-cropped wp-block-gallery-1 is-layout-flex wp-block-gallery-is-layout-flex\">\n<figure class=\"wp-block-image size-large\"><img fetchpriority=\"high\" decoding=\"async\" width=\"1024\" height=\"682\" data-id=\"858\" src=\"https:\/\/victoria.gob.ar\/prensa\/wp-content\/uploads\/2025\/04\/1000647143-1024x682.jpg\" alt=\"\" class=\"wp-image-858\" srcset=\"https:\/\/victoria.gob.ar\/prensa\/wp-content\/uploads\/2025\/04\/1000647143-1024x682.jpg 1024w, https:\/\/victoria.gob.ar\/prensa\/wp-content\/uploads\/2025\/04\/1000647143-300x200.jpg 300w, https:\/\/victoria.gob.ar\/prensa\/wp-content\/uploads\/2025\/04\/1000647143-768x512.jpg 768w, https:\/\/victoria.gob.ar\/prensa\/wp-content\/uploads\/2025\/04\/1000647143-1536x1023.jpg 1536w, https:\/\/victoria.gob.ar\/prensa\/wp-content\/uploads\/2025\/04\/1000647143.jpg 1600w\" sizes=\"(max-width: 1024px) 100vw, 1024px\" \/><\/figure>\n\n\n\n<figure class=\"wp-block-image size-large\"><img decoding=\"async\" width=\"1024\" height=\"682\" data-id=\"859\" src=\"https:\/\/victoria.gob.ar\/prensa\/wp-content\/uploads\/2025\/04\/1000647146-1024x682.jpg\" alt=\"\" class=\"wp-image-859\" srcset=\"https:\/\/victoria.gob.ar\/prensa\/wp-content\/uploads\/2025\/04\/1000647146-1024x682.jpg 1024w, https:\/\/victoria.gob.ar\/prensa\/wp-content\/uploads\/2025\/04\/1000647146-300x200.jpg 300w, https:\/\/victoria.gob.ar\/prensa\/wp-content\/uploads\/2025\/04\/1000647146-768x512.jpg 768w, https:\/\/victoria.gob.ar\/prensa\/wp-content\/uploads\/2025\/04\/1000647146-1536x1023.jpg 1536w, https:\/\/victoria.gob.ar\/prensa\/wp-content\/uploads\/2025\/04\/1000647146.jpg 1600w\" sizes=\"(max-width: 1024px) 100vw, 1024px\" \/><\/figure>\n\n\n\n<figure class=\"wp-block-image size-large\"><img decoding=\"async\" width=\"1024\" height=\"682\" data-id=\"862\" src=\"https:\/\/victoria.gob.ar\/prensa\/wp-content\/uploads\/2025\/04\/1000647140-1024x682.jpg\" alt=\"\" class=\"wp-image-862\" srcset=\"https:\/\/victoria.gob.ar\/prensa\/wp-content\/uploads\/2025\/04\/1000647140-1024x682.jpg 1024w, https:\/\/victoria.gob.ar\/prensa\/wp-content\/uploads\/2025\/04\/1000647140-300x200.jpg 300w, https:\/\/victoria.gob.ar\/prensa\/wp-content\/uploads\/2025\/04\/1000647140-768x512.jpg 768w, https:\/\/victoria.gob.ar\/prensa\/wp-content\/uploads\/2025\/04\/1000647140-1536x1023.jpg 1536w, https:\/\/victoria.gob.ar\/prensa\/wp-content\/uploads\/2025\/04\/1000647140.jpg 1600w\" sizes=\"(max-width: 1024px) 100vw, 1024px\" \/><\/figure>\n\n\n\n<figure class=\"wp-block-image size-large\"><img loading=\"lazy\" decoding=\"async\" width=\"1024\" height=\"682\" data-id=\"863\" src=\"https:\/\/victoria.gob.ar\/prensa\/wp-content\/uploads\/2025\/04\/1000647137-1024x682.jpg\" alt=\"\" class=\"wp-image-863\" srcset=\"https:\/\/victoria.gob.ar\/prensa\/wp-content\/uploads\/2025\/04\/1000647137-1024x682.jpg 1024w, https:\/\/victoria.gob.ar\/prensa\/wp-content\/uploads\/2025\/04\/1000647137-300x200.jpg 300w, https:\/\/victoria.gob.ar\/prensa\/wp-content\/uploads\/2025\/04\/1000647137-768x512.jpg 768w, https:\/\/victoria.gob.ar\/prensa\/wp-content\/uploads\/2025\/04\/1000647137-1536x1023.jpg 1536w, https:\/\/victoria.gob.ar\/prensa\/wp-content\/uploads\/2025\/04\/1000647137.jpg 1600w\" sizes=\"(max-width: 1024px) 100vw, 1024px\" \/><\/figure>\n\n\n\n<figure class=\"wp-block-image size-large\"><img loading=\"lazy\" decoding=\"async\" width=\"1024\" height=\"682\" data-id=\"860\" src=\"https:\/\/victoria.gob.ar\/prensa\/wp-content\/uploads\/2025\/04\/1000647149-1024x682.jpg\" alt=\"\" class=\"wp-image-860\" srcset=\"https:\/\/victoria.gob.ar\/prensa\/wp-content\/uploads\/2025\/04\/1000647149-1024x682.jpg 1024w, https:\/\/victoria.gob.ar\/prensa\/wp-content\/uploads\/2025\/04\/1000647149-300x200.jpg 300w, https:\/\/victoria.gob.ar\/prensa\/wp-content\/uploads\/2025\/04\/1000647149-768x512.jpg 768w, https:\/\/victoria.gob.ar\/prensa\/wp-content\/uploads\/2025\/04\/1000647149-1536x1023.jpg 1536w, https:\/\/victoria.gob.ar\/prensa\/wp-content\/uploads\/2025\/04\/1000647149.jpg 1600w\" sizes=\"(max-width: 1024px) 100vw, 1024px\" \/><\/figure>\n\n\n\n<figure class=\"wp-block-image size-large\"><img loading=\"lazy\" decoding=\"async\" width=\"1024\" height=\"682\" data-id=\"861\" src=\"https:\/\/victoria.gob.ar\/prensa\/wp-content\/uploads\/2025\/04\/1000647134-1024x682.jpg\" alt=\"\" class=\"wp-image-861\" srcset=\"https:\/\/victoria.gob.ar\/prensa\/wp-content\/uploads\/2025\/04\/1000647134-1024x682.jpg 1024w, https:\/\/victoria.gob.ar\/prensa\/wp-content\/uploads\/2025\/04\/1000647134-300x200.jpg 300w, https:\/\/victoria.gob.ar\/prensa\/wp-content\/uploads\/2025\/04\/1000647134-768x512.jpg 768w, https:\/\/victoria.gob.ar\/prensa\/wp-content\/uploads\/2025\/04\/1000647134-1536x1023.jpg 1536w, https:\/\/victoria.gob.ar\/prensa\/wp-content\/uploads\/2025\/04\/1000647134.jpg 1600w\" sizes=\"(max-width: 1024px) 100vw, 1024px\" \/><\/figure>\n<\/figure>\n","protected":false},"excerpt":{"rendered":"<p>En abril, la Municipalidad de Victoria, a trav\u00e9s de las \u00e1reas de Discapacidad y Salud Mental Comunitaria, est\u00e1 llevando adelante diversas actividades. Entre \u00e9stas, ayer se realiz\u00f3 el conversatorio \u00abHablemos&hellip; <\/p>\n","protected":false},"author":1,"featured_media":864,"comment_status":"open","ping_status":"open","sticky":false,"template":"","format":"standard","meta":{"footnotes":""},"categories":[15,9],"tags":[],"class_list":["post-857","post","type-post","status-publish","format-standard","has-post-thumbnail","hentry","category-diversidad","category-gestion"],"_links":{"self":[{"href":"https:\/\/victoria.gob.ar\/prensa\/wp-json\/wp\/v2\/posts\/857","targetHints":{"allow":["GET"]}}],"collection":[{"href":"https:\/\/victoria.gob.ar\/prensa\/wp-json\/wp\/v2\/posts"}],"about":[{"href":"https:\/\/victoria.gob.ar\/prensa\/wp-json\/wp\/v2\/types\/post"}],"author":[{"embeddable":true,"href":"https:\/\/victoria.gob.ar\/prensa\/wp-json\/wp\/v2\/users\/1"}],"replies":[{"embeddable":true,"href":"https:\/\/victoria.gob.ar\/prensa\/wp-json\/wp\/v2\/comments?post=857"}],"version-history":[{"count":1,"href":"https:\/\/victoria.gob.ar\/prensa\/wp-json\/wp\/v2\/posts\/857\/revisions"}],"predecessor-version":[{"id":865,"href":"https:\/\/victoria.gob.ar\/prensa\/wp-json\/wp\/v2\/posts\/857\/revisions\/865"}],"wp:featuredmedia":[{"embeddable":true,"href":"https:\/\/victoria.gob.ar\/prensa\/wp-json\/wp\/v2\/media\/864"}],"wp:attachment":[{"href":"https:\/\/victoria.gob.ar\/prensa\/wp-json\/wp\/v2\/media?parent=857"}],"wp:term":[{"taxonomy":"category","embeddable":true,"href":"https:\/\/victoria.gob.ar\/prensa\/wp-json\/wp\/v2\/categories?post=857"},{"taxonomy":"post_tag","embeddable":true,"href":"https:\/\/victoria.gob.ar\/prensa\/wp-json\/wp\/v2\/tags?post=857"}],"curies":[{"name":"wp","href":"https:\/\/api.w.org\/{rel}","templated":true}]}}