{"id":83,"date":"2024-03-04T23:43:09","date_gmt":"2024-03-04T23:43:09","guid":{"rendered":"https:\/\/victoria.gob.ar\/prensa\/?p=83"},"modified":"2024-03-04T23:53:35","modified_gmt":"2024-03-04T23:53:35","slug":"la-intendente-isa-castagnino-inauguro-las-sesiones-ordinarias-del-concejo-deliberante","status":"publish","type":"post","link":"https:\/\/victoria.gob.ar\/prensa\/la-intendente-isa-castagnino-inauguro-las-sesiones-ordinarias-del-concejo-deliberante\/","title":{"rendered":"La intendente, Isa Castagnino, inaugur\u00f3 las sesiones ordinarias del Concejo Deliberante"},"content":{"rendered":"\n<p>La intendente, Isa Castagnino, brind\u00f3 un discurso, el viernes pasado, en el marco de la apertura de sesiones ordinarias del Concejo Deliberante. En el detallado recorrido que hizo por el inicio, el presente y los objetivos de la gesti\u00f3n, se refiri\u00f3 a las mejoras en obra p\u00fablica, aspectos tributarios y financieros, oferta educativa, inversi\u00f3n en los CAPS, abordaje integral de la cultura, cuidado del ambiente, ordenamiento administrativo en todas las \u00e1reas y la importancia de construir en comunidad la ciudad que queremos.<\/p>\n\n\n\n<p>A continuaci\u00f3n, se detalla el discurso de la intendente:<\/p>\n\n\n\n<p>Buenas tardes a todos los presentes, se\u00f1oras y se\u00f1ores miembros de este Concejo Deliberante, autoridades del Poder Judicial, a nuestra querida Polic\u00eda de Entre R\u00edos, integrantes de las Fuerzas Armadas, equipo de gobierno, vecinos de Victoria que nos acompa\u00f1an en este d\u00eda tan significativo para nuestra democracia. En especial al querido amigo y miembro de esta casa, Dr. C\u00e9sar Etchart.<\/p>\n\n\n\n<p>Hoy inauguramos un nuevo per\u00edodo legislativo, siendo mi primera intervenci\u00f3n quiero expresar mi profundo agradecimiento por la oportunidad de dirigirme a ustedes como Presidente Municipal de Victoria. Es un honor y, al mismo tiempo, un compromiso que asum\u00ed el 10 de diciembre pasado con la responsabilidad y dedicaci\u00f3n que han guiado siempre mi vida. Somos ciudadanos de esta tierra maravillosa en la que, ocasionalmente, nos toca estar al frente de los destinos de la municipalidad. Agradezco a Dios por la vida que me da y el lugar donde nac\u00ed; agradezco a mi familia por estar dispuesta a acompa\u00f1arme en esta gran tarea que tenemos por delante; agradezco a mi pueblo, del que orgullosamente formo parte, por la confianza depositada; agradezco al equipo que conduzco, por estar dispuesto a trabajar con todas sus fuerzas para el progreso de Victoria.<\/p>\n\n\n\n<p>Desde el d\u00eda en que asumimos junto con el equipo de gobierno, nos hemos puesto como \u00fanico Norte la transformaci\u00f3n integral de la ciudad. Quiero destacar el arduo trabajo y la colaboraci\u00f3n de cada integrante de la administraci\u00f3n municipal. Hemos enfrentado desaf\u00edos y celebrado logros, siempre con la visi\u00f3n clara de construir una ciudad m\u00e1s pr\u00f3spera y justa para todos.<\/p>\n\n\n\n<p>Pueblo de Victoria, hoy estamos aqu\u00ed no s\u00f3lo para reflexionar sobre nuestro pasado reciente, sino para imaginar y construir juntos el futuro que merecemos. Estamos en un momento crucial de nuestra historia, un cap\u00edtulo que escribiremos con determinaci\u00f3n y visi\u00f3n, guiados por el compromiso que nos une. En medio de desaf\u00edos y triunfos, construiremos un ma\u00f1ana lleno de oportunidades y progreso. Acomp\u00e1\u00f1enme mientras exploramos las sendas que nos llevar\u00e1n a una Victoria a\u00fan m\u00e1s grandiosa. Somos servidores, trabajamos siempre apuntando hacia el bien de nuestra comunidad. Claro que todav\u00eda queda mucho por delante, queridos vecinos, pero estemos seguros de que lo podemos lograr trabajando unidos.<\/p>\n\n\n\n<p>El horizonte que se abre ante nosotros est\u00e1 lleno de promesas, proyectos y potencial. Con el compromiso de todos nosotros, estamos dando el puntapi\u00e9 inicial. Nuestro enfoque no se limita a solucionar problemas, sino a crear un entorno propicio para que cada victoriense, desde el m\u00e1s joven hasta el m\u00e1s experimentado, encuentre las condiciones para realizarse y alcanzar sus sue\u00f1os.<\/p>\n\n\n\n<p>Por eso, nuestro objetivo es una Victoria industrializada; una ciudad donde haya trabajo; m\u00e1s oferta educativa para que nuestros hijos puedan formarse y desarrollarse ac\u00e1; que los miembros de nuestra comunidad puedan construir su hogar con el fruto de su trabajo; que podamos ser felices en nuestra comunidad.<\/p>\n\n\n\n<p>En nuestro equipo hay orden, organizaci\u00f3n y todos tienen muy claro que est\u00e1n ac\u00e1 para obrar por Victoria. Somos una gesti\u00f3n cercana, de escucha atenta, cada ciudadano conoce nuestro tel\u00e9fono. Somos servidores.<\/p>\n\n\n\n<p>En todas las \u00e1reas iniciamos un proceso de ordenamiento administrativo:<\/p>\n\n\n\n<p>En el \u00e1mbito econ\u00f3mico hemos tomado la decisi\u00f3n de apostar y fomentar a la inversi\u00f3n que genera empleo y fortalece la base de nuestro desarrollo. Toda persona que quiera invertir en nuestro suelo recibir\u00e1 el apoyo de la municipalidad. Para ellos estamos trabajando en simplificaci\u00f3n de pasos, digitalizaci\u00f3n de tr\u00e1mites y turnos. Obraremos incansablemente para mejorar la calidad de vida de cada ciudadano, garantizando servicios eficientes, espacios p\u00fablicos seguros y una convivencia armoniosa.<\/p>\n\n\n\n<p>Gracias a la sanci\u00f3n de la Ordenanza de Emergencia se logr\u00f3 una mejor disposici\u00f3n de los recursos. Comenzamos a invertir los remanentes de fondos temporales en instrumentos financieros de bajo riesgo y con inmediata liquidez a fin de morigerar, al menos en parte, el efecto inflacionario. Esta gesti\u00f3n de gobierno ha sido pionera en la provincia en la aplicaci\u00f3n de esta pol\u00edtica.<\/p>\n\n\n\n<p>Respecto de la deuda en moneda extranjera, pudimos, gracias a un manejo eficiente, hacer frente a la primera de dos cuotas pautadas para este a\u00f1o, deuda que no contrajo este gobierno. La misma se atendi\u00f3 sin incurrir en un nuevo endeudamiento, cubri\u00e9ndose con fondos provenientes de la coparticipaci\u00f3n, como as\u00ed tambi\u00e9n con recursos propios. Al mismo tiempo, iniciamos una reserva de fondos con el objeto de generar las disponibilidades necesarias para atender, al menos en parte, el monto del segundo vencimiento previsto para agosto.<\/p>\n\n\n\n<p>En lo financiero, logramos un equilibrio que, si bien est\u00e1 expuesto a los vaivenes de la golpeada econom\u00eda nacional, brinda una austera previsibilidad financiera. As\u00ed, hemos fijado una f\u00e9rrea administraci\u00f3n financiera donde se prev\u00e9n adecuados niveles de deuda flotante y de disponibilidades de fondos.<\/p>\n\n\n\n<p>En materia salarial otorgamos recomposiciones de suma fija inicialmente y porcentuales comenzando este ejercicio econ\u00f3mico 2024, siempre con el criterio de mantener un marco de equilibrio que posibilite una correcta prestaci\u00f3n de servicios a la comunidad, considerando al trabajador municipal como un recurso fundamental.<\/p>\n\n\n\n<p>En el aspecto tributario, se tiene prevista una revisi\u00f3n de la normativa, lo que incluye un an\u00e1lisis y, de ser necesario, una adecuaci\u00f3n del C\u00f3digo Fiscal, as\u00ed como nuevas Ordenanzas en materia tributaria y tarifaria se ha convocado para el enriquecimiento y democratizaci\u00f3n de la normativa mencionada, a la participaci\u00f3n de entidades estrechamente vinculadas a la actividad econ\u00f3mica de la ciudad, tales como el Consejo Profesional de Ciencias Econ\u00f3micas, a las que se sumar\u00e1n otras pr\u00f3ximamente.<\/p>\n\n\n\n<p>Por otro lado, establecimos un pago anual de la Tasa por Servicios Municipales, con una importante quita, la cual en su primer vencimiento operado el 15 de febrero pasado ha resultado en el ingreso de 77 millones de pesos. El pago anual establecido tiene car\u00e1cter cancelatorio para todo el ejercicio 2024, dando un marco de seriedad, previsibilidad y respeto por el vecino que opta por esta forma de pago.<\/p>\n\n\n\n<p>Hemos reactivado las intimaciones y gestiones de deuda tributaria, habi\u00e9ndose cursado hasta al momento 257 notificaciones por un importe total de 87 millones de pesos. Se logr\u00f3 la regularizaci\u00f3n de grandes contribuyentes que han cancelado su deuda por un total de 47 millones de pesos.<\/p>\n\n\n\n<p>Celebramos, tambi\u00e9n, un convenio marco con la Facultad de Ciencias Econ\u00f3micas de la Universidad Nacional de Entre R\u00edos. Gracias a \u00e9ste, ofrecimos una alternativa acad\u00e9mica de calidad a los miembros de nuestra comunidad, como lo es la Tecnicatura en Gesti\u00f3n de Recursos Humanos, la cual cuenta con el acompa\u00f1amiento de nuestra Aula Virtual. En tiempo record recibimos m\u00e1s de 500 inscripciones, lo que nos motiva a seguir celebrando acuerdos con los diversos actores educativos de la Provincia<\/p>\n\n\n\n<p>La innovaci\u00f3n y la sostenibilidad ser\u00e1n nuestras aliadas en esta traves\u00eda hacia el futuro. La implementaci\u00f3n de tecnolog\u00edas inteligentes para la gesti\u00f3n municipal nos permitir\u00e1 ser m\u00e1s eficientes y proactivos. Construiremos una ciudad que no s\u00f3lo se adapte a los desaf\u00edos del siglo XXI, sino que tambi\u00e9n lidere el camino hacia el progreso y la equidad.<\/p>\n\n\n\n<p>Al asumir la gesti\u00f3n municipal, nos encontramos con un panorama que requer\u00eda atenci\u00f3n inmediata, hemos relevado, junto a los Equipos T\u00e9cnicos aquellas situaciones que demandaban una resoluci\u00f3n en el corto plazo. Sin embargo, en lugar de centrarnos en las dificultades heredadas, optamos por enfocarnos en soluciones y oportunidades de mejora. Hemos trabajado incansablemente para revertir situaciones adversas y sentar las bases de un futuro prometedor.<\/p>\n\n\n\n<p>S\u00f3lo por nombrar las principales obras realizadas desde el \u00e1rea de Planeamiento, logramos:<\/p>\n\n\n\n<p>\u00b7&nbsp;&nbsp;&nbsp;&nbsp;&nbsp;&nbsp; Concreci\u00f3n de hormig\u00f3n en calle Bartoloni: se est\u00e1 colocando la base (broza cemento) para comenzar con el trabajo de hormig\u00f3n. La gesti\u00f3n se inici\u00f3 en diciembre con la inspecci\u00f3n de la obra realizada y con el inicio de la compra de los insumos necesarios para la restituci\u00f3n del pavimento<\/p>\n\n\n\n<p>\u00b7&nbsp;&nbsp;&nbsp;&nbsp;&nbsp;&nbsp; Recuperaci\u00f3n de la traza vial: con un trabajo ordenado se logr\u00f3 en gran medida restablecer la transitabilidad de las calles, tanto de asfalto como de suelo natural y se sigue trabajando para llegar a cada punto de la ciudad.<\/p>\n\n\n\n<p>\u00b7&nbsp;&nbsp;&nbsp;&nbsp;&nbsp;&nbsp; Puesta en valor de Parques y plazas: desde espacios p\u00fablicos, se mejoraron los ingresos a la ciudad, limpieza de boulevares, arreglo y mantenimiento de juegos y bancos, desmalezado y cortes de pastos en diferentes zonas<\/p>\n\n\n\n<p>\u00b7&nbsp;&nbsp;&nbsp;&nbsp;&nbsp;&nbsp; Arreglo del parque automotor: se recibi\u00f3 un parque automotor completamente deteriorado. Se logr\u00f3 recuperar varios veh\u00edculos que estaban en el corral\u00f3n y en talleres particulares en desuso, algunos ya se encuentran en funcionamiento y otros en reparaci\u00f3n para pr\u00f3ximamente ser sumados a las tareas habituales que se realizan.<\/p>\n\n\n\n<p>\u00b7&nbsp;&nbsp;&nbsp;&nbsp;&nbsp;&nbsp; Coordinaci\u00f3n y redistribuci\u00f3n de tareas entre los empleados municipales para lograr maximizar los resultados en el trabajo. Se logr\u00f3 en forma conjunta con los encargados de cada sector la puesta en valor de cada empleado municipal.&nbsp;<\/p>\n\n\n\n<p>La ciudad de Victoria est\u00e1 experimentando un auge y crecimiento sin precedentes en sectores clave como el turismo, la construcci\u00f3n, el comercio. Este desarrollo ha llevado a una expansi\u00f3n de nuestra antigua planta urbana y la radicaci\u00f3n de barrios fuera de los bulevares que circunvalan la ciudad.<\/p>\n\n\n\n<p>En tal sentido, resulta fundamental planificar una ciudad acorde a las necesidades de nuestros ciudadanos, urbanizar cada \u00e1rea en expansi\u00f3n, esto es garantizar servicios, energ\u00eda el\u00e9ctrica, agua potable, red de cloacas, mejora de la transitabilidad&nbsp; a aquellas zonas alejadas del radio c\u00e9ntrico;<\/p>\n\n\n\n<p>Claro ejemplo de la no planificaci\u00f3n y proyecci\u00f3n de la ciudad fue el caso del barrio Don Gregorio. Al asumir la gesti\u00f3n, nos encontramos con que las familias resid\u00edan en el barrio estaban sin suministro de luz el\u00e9ctrica, las viviendas que fueron otorgadas sin este servicio esencial.<\/p>\n\n\n\n<p>P\u00e1rrafo aparte, quiero agradecer y destacar el acompa\u00f1amiento, no con esta intendente, sino con el pueblo de Victoria, de nuestros queridos legisladores Laura Stratta&nbsp; y V\u00edctor Sanzberro.<\/p>\n\n\n\n<p>En esta l\u00ednea de trabajo, y con el objetivo de que lo proyectado se lleve a la pr\u00e1ctica, la semana pasada hemos entregado cuatro carpetas con sus respectivos proyectos ante el ministerio de planeamiento de la provincia, alentando a la gesti\u00f3n articulada con la provincia, acompa\u00f1ados por la diputada. Entendemos que en una coyuntura compleja, en un escenario adverso, tender redes, articular, conveniar es una estrategia fundamental, y sepan que esta intendente no va a descansar hasta obtener los logros que cada vecino necesita para vivir mejor.&nbsp;<\/p>\n\n\n\n<p>Recorro cada calle de nuestra querida ciudad, conozco en detalle cada barrio, los vecinos que all\u00ed viven; las necesidades que urgen; pero el compromiso es de todos; cuidar el espacio que habitamos, las plazas y parques de nuestras infancias, cuidarnos, protegernos en tiempos de masivas violencias; somos una comunidad que posee un bien invalorable, que es la tranquilidad, la seguridad, por lo que nuestra proyecci\u00f3n es trabajar en estos ejes, seguridad, prevenci\u00f3n en sus m\u00faltiples aspectos; promoci\u00f3n de la salud mental y comunitaria, y abordaje de problem\u00e1ticas del consumo. En tal sentido, hemos creado \u00e1reas sensibles que tendr\u00e1n la responsabilidad de ejecutar pol\u00edticas acordes a estas complejidades.<\/p>\n\n\n\n<p>Para garantizar la seguridad y protecci\u00f3n de nuestros ciudadanos en este contexto de crecimiento, hemos implementado el Programa Victoria, Ciudad Segura. Este programa aborda aspectos fundamentales como la seguridad vial, seguridad comercial y de eventos, respaldados por un renovado Centro de Atenci\u00f3n al Vecino y un eficiente Centro de Monitoreo.<\/p>\n\n\n\n<p>Adem\u00e1s, hemos revitalizado el espacio de Protecci\u00f3n Civil, asegurando la coordinaci\u00f3n entre organismos y fuerzas para estar preparados ante posibles emergencias de manera ordenada y efectiva.<\/p>\n\n\n\n<p>Ordenar, planificar implica reducir costos y evitar da\u00f1os, consecuencias que afectan directamente a cada vecino.<\/p>\n\n\n\n<p>En el \u00e1mbito de las habilitaciones municipales, hemos llevado a cabo tareas significativas para agilizar tr\u00e1mites y mejorar la atenci\u00f3n al p\u00fablico. Hemos culminado la tramitaci\u00f3n de m\u00e1s de 60 expedientes, recibido nuevos tr\u00e1mites, y trabajado en el relevamiento y habilitaci\u00f3n de comercios en diversas zonas, incluyendo las islas del ejido municipal.<\/p>\n\n\n\n<p>Valorar el sector de los micro emprendedores, potenciando su desarrollo, fortaleciendo el sector a trav\u00e9s de capacitaciones, encuentros, ferias que dinamizan y garantizan la oferta de sus productos en el mercado local.&nbsp; Proyectamos incluir a todos los sectores en la econom\u00eda regional, e ir por la concreci\u00f3n del tan ansiado parque industrial.<\/p>\n\n\n\n<p>Continuamos comprometidos con la mejora integral del transporte, cuidando el servicio local con nuestro TUM y recuperando el control sobre el transporte de pasajeros en general.<\/p>\n\n\n\n<p>Realizamos una auditor\u00eda en la nueva terminal, porque a pesar de haber sido inaugurada, como todos somos testigos, faltan importantes servicios como: sanitarios, boleter\u00edas, y dem\u00e1s espacios para brindarles a los usuarios un espacio de calidad.<\/p>\n\n\n\n<p>En el \u00e1mbito cultural, hemos consolidado esfuerzos para poner en valor el recurso humano de nuestras instituciones, como el Cine Teatro Victoria, la Biblioteca Municipal, y la Escuela Municipal de M\u00fasica Justo Jos\u00e9 de Urquiza. Nuestro programa anual de talleres busca fomentar la participaci\u00f3n de ni\u00f1os, j\u00f3venes, adultos y adultos mayores, promoviendo el arte y la cultura como ejes fundamentales de nuestra identidad.<\/p>\n\n\n\n<p>La gesti\u00f3n del Museo Municipal Carlos Anad\u00f3n se enfoca en preservar el patrimonio hist\u00f3rico de la ciudad, fortaleciendo la integraci\u00f3n con la comunidad y promoviendo la educaci\u00f3n patrimonial. La colaboraci\u00f3n con instituciones educativas y la instalaci\u00f3n de c\u00e1maras de seguridad son pasos esenciales para asegurar la protecci\u00f3n de nuestras valiosas colecciones.<\/p>\n\n\n\n<p>La Muestra de Carnaval fue una primera demostraci\u00f3n de nuestros objetivos de gesti\u00f3n, espacios de puertas abiertas, con participaci\u00f3n Ciudadana, recuperando y mostrando nuestra riqueza hist\u00f3rica, cultural, los aportes que cada Ciudadano ha realizado, el compromiso de que este y tantos otros espacios que marcan el camino de nuestro devenir, pr\u00f3spero, diverso, y con actividades para ofrecer a nuestros vecinos y visitantes, son una alternativa, propuesta a fortalecer.&nbsp;&nbsp;&nbsp;&nbsp;<\/p>\n\n\n\n<p>La Escuela de M\u00fasica ha experimentado un notable crecimiento, con alrededor de 300 nuevos alumnos inscritos para el a\u00f1o 2024.<\/p>\n\n\n\n<p>El fortalecimiento del sistema de salud local es una prioridad inquebrantable. Hemos invertido en equipamiento m\u00e9dico, capacitaci\u00f3n del personal y en la optimizaci\u00f3n de los procesos de atenci\u00f3n. Sumamos nuevas especialidades y profesionales a los CAPS. La apertura de nuevos centros de atenci\u00f3n primaria y la modernizaci\u00f3n de los existentes son parte de nuestro compromiso con la salud preventiva y el acceso equitativo a servicios de calidad.<\/p>\n\n\n\n<p>La implementaci\u00f3n de programas de prevenci\u00f3n y promoci\u00f3n de la salud es esencial para construir una Victoria m\u00e1s saludable y fuerte. La atenci\u00f3n integral de la mujer, la promoci\u00f3n de h\u00e1bitos saludables en la poblaci\u00f3n joven y el fortalecimiento de la salud mental son \u00e1reas en las que estamos enfocados y que merecen nuestra atenci\u00f3n constante.<\/p>\n\n\n\n<p>Victoria es un tesoro natural y debemos ser los guardianes responsables de su preservaci\u00f3n. Hemos avanzado en pol\u00edticas que promueven la sustentabilidad y la preservaci\u00f3n de nuestro entorno.&nbsp;<\/p>\n\n\n\n<p>Para nosotros el cuidado y la preservaci\u00f3n del Ambiente cumple un rol central y transversal en toda la gesti\u00f3n de gobierno. Ser\u00e1 prioritario implementar el Plan de Manejo de la RUM Islas Victoria, procurando ser una pol\u00edtica de Estado a largo plazo, que surge del trabajo participativo y conjunto que realizaron desde el Comit\u00e9, y que es una herramienta para el reordenamiento, fiscalizaci\u00f3n y fundamentalmente la protecci\u00f3n de las 370.000 hect\u00e1reas de islas que pertenecen al Departamento Victoria y que son patrimonio de la humanidad.<\/p>\n\n\n\n<p>Tenemos el gran desaf\u00edo de recuperar la Planta de Residuos S\u00f3lidos Urbanos, que la recibimos en un estado de total abandono, y queremos lograr el reciclado de la mayor cantidad de residuos posibles, para mejorar tambi\u00e9n las instalaciones de dicho predio, estas acciones no la lograremos solos, debe haber un apoyo de todos ustedes para ir alcanzando objetivos.<\/p>\n\n\n\n<p>La preservaci\u00f3n y recuperaci\u00f3n de nuestro patrimonio natural e hist\u00f3rico ser\u00e1 un trabajo diario coordinado entre todas las \u00e1reas, para lograr que cada uno de nuestros vecinos y aquellos que nos visitan a\u00f1o a a\u00f1o, puedan disfrutar y apreciar, cada una de las bellezas naturales que tiene nuestra ciudad. Tambi\u00e9n en este sentido pondremos en funcionamiento progresivo un Plan de Arbolado Urbano, que nos permita tener aire, sombra adecuada, y mitigue los impactos de frentes de tormentas como los que hemos tenido en los \u00faltimos a\u00f1os.<\/p>\n\n\n\n<p>El orden y la convivencia en nuestros espacios comunes debe ser arm\u00f3nico, por eso tambi\u00e9n a trav\u00e9s de la Direcci\u00f3n de Ambiente, procuraremos encontrar un equilibrio con nuestra poblaci\u00f3n de animales que vive en la v\u00eda p\u00fablica, situaci\u00f3n que ha causado da\u00f1os a la salud y vida de las personas, pero tambi\u00e9n queremos cuidar a cada uno de nuestros animales en conjunto con las proteccionistas y colaboradoras. Incorporamos dos nuevos veterinarios estables en nuestra municipalidad.&nbsp;<\/p>\n\n\n\n<p>Procuraremos educar, concientizar del uso racional y justo de nuestros recursos naturales, como el agua, la tierra, aire: de nuestras energ\u00edas, lo haremos de forma sostenible para que nosotros y nuestras generaciones venideras puedan disfrutar de ellos.<\/p>\n\n\n\n<p>El Parque Industrial Sustentable es un proyecto ambicioso que busca armonizar el desarrollo econ\u00f3mico con la preservaci\u00f3n del ambiente. La promoci\u00f3n de energ\u00edas renovables y la certificaci\u00f3n ambiental de empresas son aspectos fundamentales para asegurar un crecimiento sostenible y respetuoso con nuestro entorno.<\/p>\n\n\n\n<p>\u2022 Puntos verdes: se est\u00e1 llevando adelante un plan de reacondicionamiento de los puntos verdes que se encuentran en diferentes puntos de la ciudad.<\/p>\n\n\n\n<p>\u2022 Recepci\u00f3n de residuos de materiales reciclables: en la oficinas del ex Tiro Federal tambi\u00e9n se reciben los residuos reciclables y residuos de aparatos el\u00e9ctricos y electr\u00f3nicos que separan los vecinos.<\/p>\n\n\n\n<p>\u2022 Jornadas de Eco Canje: se est\u00e1n llevando adelante en diferentes puntos de la ciudad<\/p>\n\n\n\n<p>Nuestra gesti\u00f3n trabaja para la comunidad de Victoria. Todo lo que hacemos es en busca de la felicidad de nuestro pueblo.<\/p>\n\n\n\n<p>La reactivaci\u00f3n econ\u00f3mica es un pilar fundamental para el bienestar de Victoria. Hemos implementado medidas para apoyar a nuestros emprendedores y comerciantes locales, siendo conscientes de que son ellos quienes generan empleo y dinamizan nuestra econom\u00eda. La creaci\u00f3n de nuevos espacios comerciales y el impulso a la producci\u00f3n local son estrategias que buscan fortalecer nuestra base econ\u00f3mica.<\/p>\n\n\n\n<p>Desde el inicio de nuestra gesti\u00f3n, se establecieron las ferias en el marco del programa Activ\u00e1 Victoria, que revitalizaron la Plaza San Mart\u00edn, todos los fines de semana de diciembre y enero, finalizando con m\u00e1s de 60 productores.<\/p>\n\n\n\n<p>Con base en lo anterior, entendemos que Victoria es la suma del sector p\u00fablico m\u00e1s el sector privado y que la econom\u00eda tiene como centro a los hombres y mujeres. Por eso, pensamos que es insuficiente ver el carnaval a trav\u00e9s de un balance financiero que se resuma en una planilla con n\u00fameros de entradas vendidas y gastos. En cambio, valoramos nuestra Fiesta Mayor en su dimensi\u00f3n cultural, social y econ\u00f3mica, y comprendemos los m\u00faltiples beneficios que \u00e9ste implica para nuestra ciudad.<\/p>\n\n\n\n<p>Los an\u00e1lisis simplistas llevan a errores de comprensi\u00f3n que no nos permiten avanzar. Reducir el carnaval a s\u00f3lo una fiesta o pensar que porque se hace el carnaval no se asfalta una calle es, lisa y llanamente, un error de interpretaci\u00f3n de la realidad.<\/p>\n\n\n\n<p>El carnaval es un emprendedor, un artesano que vende m\u00e1s, un taxista que hace m\u00e1s viajes, un empleado que tiene horas extra, una despensa que hace la diferencia, los hoteles llenos. El carnaval es mayor crecimiento para el sector privado y m\u00e1s trabajo para los empleados del \u00e1mbito p\u00fablico.<\/p>\n\n\n\n<p>Mientras la cultura se debate, nosotros mantenemos nuestras costumbres. Mientras el pa\u00eds est\u00e1 en recesi\u00f3n, nosotros invertimos para los trabajadores de Victoria. Mientras en el pueblo reina la incertidumbre, nosotros buscamos la armon\u00eda entre el capital y el trabajo. Mientras muchos alimentan la desesperanza, nosotros buscamos soluciones y dar alegr\u00eda a los victorienses sin distraernos de la realidad.<\/p>\n\n\n\n<p>Todo esto lo hacemos porque, en nuestra gesti\u00f3n, sabemos que Victoria es su comunidad. Y seguiremos trabajando para que nuestro carnaval y fiestas populares sigan creciendo y trayendo felicidad, incluso para aquellos que no participan directamente.<\/p>\n\n\n\n<p>La participaci\u00f3n ciudadana es la base de una democracia saludable. En este periodo, hemos fortalecido los mecanismos para que cada victoriense tenga voz en las decisiones que afectan nuestra comunidad. La implementaci\u00f3n de presupuestos participativos y la apertura de espacios de di\u00e1logo directo con la ciudadan\u00eda son pasos concretos para construir una Victoria donde todos se sientan representados y escuchados.<\/p>\n\n\n\n<p>Invitamos a cada uno de ustedes a ser parte activa en la construcci\u00f3n de nuestro futuro. Sus ideas, preocupaciones y propuestas son valiosas y contribuyen a enriquecer nuestra visi\u00f3n colectiva. Este Concejo Deliberante est\u00e1 comprometido en ser un puente entre la ciudadan\u00eda y la gesti\u00f3n municipal, trabajando juntos para edificar una Victoria inclusiva y pr\u00f3spera.<\/p>\n\n\n\n<p>El desarrollo integral de nuestra comunidad pasa inevitablemente por la educaci\u00f3n y el bienestar social. Nuestro compromiso con la educaci\u00f3n es firme, y agradezco a todos los docentes, directivos y personal educativo que dedican sus esfuerzos a formar a las generaciones futuras.<\/p>\n\n\n\n<p>La creaci\u00f3n y fortalecimiento de programas educativos, becas&nbsp; son parte de nuestro compromiso con el crecimiento intelectual de nuestros j\u00f3venes. La alianza con instituciones educativas superiores y universidades es un paso importante para brindar oportunidades de formaci\u00f3n y acceso a conocimientos avanzados.<\/p>\n\n\n\n<p>En el \u00e1rea de Desarrollo Social, hemos implementado acciones para mejorar la calidad de vida de los sectores m\u00e1s vulnerables. Desde la atenci\u00f3n a adultos mayores hasta la promoci\u00f3n de deportes y actividades recreativas, estamos construyendo una red de contenci\u00f3n que fortalece el tejido social de nuestra ciudad. La inclusi\u00f3n de todos, sin importar su edad o condici\u00f3n, es una premisa irrenunciable.<\/p>\n\n\n\n<p>En conclusi\u00f3n, queridos vecinos, esta administraci\u00f3n est\u00e1 comprometida con cada uno de ustedes. Victoria no es s\u00f3lo un lugar en el mapa; es nuestra casa, nuestro refugio, y es nuestra responsabilidad velar por su bienestar. Sigamos construyendo este sue\u00f1o colectivo, donde cada victoriense sea protagonista de su propia historia.<\/p>\n\n\n\n<p>Hoy, m\u00e1s que nunca, nos necesitamos unos a otros. La unidad es nuestra mayor fortaleza, y juntos superaremos cualquier desaf\u00edo que el futuro nos depare. Con esperanza en nuestros corazones y la determinaci\u00f3n de construir un mejor ma\u00f1ana, los invito a que sigamos trabajando juntos por una Victoria que brille con luz propia en el panorama nacional.<\/p>\n\n\n\n<p>Gracias, Victoria, por confiar en este equipo y en la visi\u00f3n de un futuro lleno de logros y prosperidad. \u00a1Adelante, con fuerza y convicci\u00f3n, hacia un futuro que ser\u00e1 la culminaci\u00f3n de nuestros anhelos compartidos!<\/p>\n","protected":false},"excerpt":{"rendered":"<p>La intendente, Isa Castagnino, brind\u00f3 un discurso, el viernes pasado, en el marco de la apertura de sesiones ordinarias del Concejo Deliberante. En el detallado recorrido que hizo por el&hellip; <\/p>\n","protected":false},"author":1,"featured_media":85,"comment_status":"open","ping_status":"open","sticky":false,"template":"","format":"standard","meta":{"footnotes":""},"categories":[9,8],"tags":[],"class_list":["post-83","post","type-post","status-publish","format-standard","has-post-thumbnail","hentry","category-gestion","category-municipales"],"_links":{"self":[{"href":"https:\/\/victoria.gob.ar\/prensa\/wp-json\/wp\/v2\/posts\/83","targetHints":{"allow":["GET"]}}],"collection":[{"href":"https:\/\/victoria.gob.ar\/prensa\/wp-json\/wp\/v2\/posts"}],"about":[{"href":"https:\/\/victoria.gob.ar\/prensa\/wp-json\/wp\/v2\/types\/post"}],"author":[{"embeddable":true,"href":"https:\/\/victoria.gob.ar\/prensa\/wp-json\/wp\/v2\/users\/1"}],"replies":[{"embeddable":true,"href":"https:\/\/victoria.gob.ar\/prensa\/wp-json\/wp\/v2\/comments?post=83"}],"version-history":[{"count":4,"href":"https:\/\/victoria.gob.ar\/prensa\/wp-json\/wp\/v2\/posts\/83\/revisions"}],"predecessor-version":[{"id":88,"href":"https:\/\/victoria.gob.ar\/prensa\/wp-json\/wp\/v2\/posts\/83\/revisions\/88"}],"wp:featuredmedia":[{"embeddable":true,"href":"https:\/\/victoria.gob.ar\/prensa\/wp-json\/wp\/v2\/media\/85"}],"wp:attachment":[{"href":"https:\/\/victoria.gob.ar\/prensa\/wp-json\/wp\/v2\/media?parent=83"}],"wp:term":[{"taxonomy":"category","embeddable":true,"href":"https:\/\/victoria.gob.ar\/prensa\/wp-json\/wp\/v2\/categories?post=83"},{"taxonomy":"post_tag","embeddable":true,"href":"https:\/\/victoria.gob.ar\/prensa\/wp-json\/wp\/v2\/tags?post=83"}],"curies":[{"name":"wp","href":"https:\/\/api.w.org\/{rel}","templated":true}]}}