{"id":802,"date":"2025-04-02T04:11:10","date_gmt":"2025-04-02T04:11:10","guid":{"rendered":"https:\/\/victoria.gob.ar\/prensa\/?p=802"},"modified":"2025-04-02T04:11:10","modified_gmt":"2025-04-02T04:11:10","slug":"los-veteranos-de-la-guerra-de-malvinas-horacio-buzzato-y-ramon-brassesco-nos-invitan-al-acto-que-se-realizara-el-2-de-abril-a-las-1000-h-en-el-monumento-a-los-caidos-boulevard-moreno-y-avenida-cent","status":"publish","type":"post","link":"https:\/\/victoria.gob.ar\/prensa\/los-veteranos-de-la-guerra-de-malvinas-horacio-buzzato-y-ramon-brassesco-nos-invitan-al-acto-que-se-realizara-el-2-de-abril-a-las-1000-h-en-el-monumento-a-los-caidos-boulevard-moreno-y-avenida-cent\/","title":{"rendered":"Los Veteranos de la Guerra de Malvinas Horacio Buzzato y Ram\u00f3n Brassesco nos invitan al acto que se realizar\u00e1 el 2 de abril, a las 10:00 h en el Monumento a los Ca\u00eddos (Boulevard Moreno y Avenida Centenario)."},"content":{"rendered":"\n<figure class=\"wp-block-image size-large\"><img fetchpriority=\"high\" decoding=\"async\" width=\"819\" height=\"1024\" src=\"https:\/\/victoria.gob.ar\/prensa\/wp-content\/uploads\/2025\/04\/WhatsApp-Image-2025-04-01-at-12.58.22-819x1024.jpeg\" alt=\"\" class=\"wp-image-803\" srcset=\"https:\/\/victoria.gob.ar\/prensa\/wp-content\/uploads\/2025\/04\/WhatsApp-Image-2025-04-01-at-12.58.22-819x1024.jpeg 819w, https:\/\/victoria.gob.ar\/prensa\/wp-content\/uploads\/2025\/04\/WhatsApp-Image-2025-04-01-at-12.58.22-240x300.jpeg 240w, https:\/\/victoria.gob.ar\/prensa\/wp-content\/uploads\/2025\/04\/WhatsApp-Image-2025-04-01-at-12.58.22-768x960.jpeg 768w, https:\/\/victoria.gob.ar\/prensa\/wp-content\/uploads\/2025\/04\/WhatsApp-Image-2025-04-01-at-12.58.22.jpeg 1080w\" sizes=\"(max-width: 819px) 100vw, 819px\" \/><\/figure>\n","protected":false},"excerpt":{"rendered":"","protected":false},"author":1,"featured_media":803,"comment_status":"open","ping_status":"open","sticky":false,"template":"","format":"standard","meta":{"footnotes":""},"categories":[7],"tags":[],"class_list":["post-802","post","type-post","status-publish","format-standard","has-post-thumbnail","hentry","category-cultura"],"_links":{"self":[{"href":"https:\/\/victoria.gob.ar\/prensa\/wp-json\/wp\/v2\/posts\/802","targetHints":{"allow":["GET"]}}],"collection":[{"href":"https:\/\/victoria.gob.ar\/prensa\/wp-json\/wp\/v2\/posts"}],"about":[{"href":"https:\/\/victoria.gob.ar\/prensa\/wp-json\/wp\/v2\/types\/post"}],"author":[{"embeddable":true,"href":"https:\/\/victoria.gob.ar\/prensa\/wp-json\/wp\/v2\/users\/1"}],"replies":[{"embeddable":true,"href":"https:\/\/victoria.gob.ar\/prensa\/wp-json\/wp\/v2\/comments?post=802"}],"version-history":[{"count":1,"href":"https:\/\/victoria.gob.ar\/prensa\/wp-json\/wp\/v2\/posts\/802\/revisions"}],"predecessor-version":[{"id":804,"href":"https:\/\/victoria.gob.ar\/prensa\/wp-json\/wp\/v2\/posts\/802\/revisions\/804"}],"wp:featuredmedia":[{"embeddable":true,"href":"https:\/\/victoria.gob.ar\/prensa\/wp-json\/wp\/v2\/media\/803"}],"wp:attachment":[{"href":"https:\/\/victoria.gob.ar\/prensa\/wp-json\/wp\/v2\/media?parent=802"}],"wp:term":[{"taxonomy":"category","embeddable":true,"href":"https:\/\/victoria.gob.ar\/prensa\/wp-json\/wp\/v2\/categories?post=802"},{"taxonomy":"post_tag","embeddable":true,"href":"https:\/\/victoria.gob.ar\/prensa\/wp-json\/wp\/v2\/tags?post=802"}],"curies":[{"name":"wp","href":"https:\/\/api.w.org\/{rel}","templated":true}]}}