{"id":785,"date":"2025-03-28T14:08:38","date_gmt":"2025-03-28T14:08:38","guid":{"rendered":"https:\/\/victoria.gob.ar\/prensa\/?p=785"},"modified":"2025-03-28T14:08:39","modified_gmt":"2025-03-28T14:08:39","slug":"corte-de-agua-por-reparacion-de-cano-maestro","status":"publish","type":"post","link":"https:\/\/victoria.gob.ar\/prensa\/corte-de-agua-por-reparacion-de-cano-maestro\/","title":{"rendered":"CORTE DE AGUA POR REPARACI\u00d3N DE CA\u00d1O MAESTRO"},"content":{"rendered":"\n<p>Hoy, a partir de las 11:00 h, se realizar\u00e1 un corte en el suministro de agua potable debido a que se reparar\u00e1 un ca\u00f1o maestro ubicado en Mitre, entre Suipacha y 3 de Febrero. Se estima que el servicio de agua estar\u00e1 interrumpido hasta las 16:00 h debido a la magnitud de los trabajos a realizar.<\/p>\n\n\n\n<figure class=\"wp-block-image size-large\"><img fetchpriority=\"high\" decoding=\"async\" width=\"1024\" height=\"1024\" src=\"https:\/\/victoria.gob.ar\/prensa\/wp-content\/uploads\/2025\/03\/1000601277-1024x1024.jpg\" alt=\"\" class=\"wp-image-786\" srcset=\"https:\/\/victoria.gob.ar\/prensa\/wp-content\/uploads\/2025\/03\/1000601277-1024x1024.jpg 1024w, https:\/\/victoria.gob.ar\/prensa\/wp-content\/uploads\/2025\/03\/1000601277-300x300.jpg 300w, https:\/\/victoria.gob.ar\/prensa\/wp-content\/uploads\/2025\/03\/1000601277-150x150.jpg 150w, https:\/\/victoria.gob.ar\/prensa\/wp-content\/uploads\/2025\/03\/1000601277-768x768.jpg 768w, https:\/\/victoria.gob.ar\/prensa\/wp-content\/uploads\/2025\/03\/1000601277.jpg 1080w\" sizes=\"(max-width: 1024px) 100vw, 1024px\" \/><\/figure>\n","protected":false},"excerpt":{"rendered":"<p>Hoy, a partir de las 11:00 h, se realizar\u00e1 un corte en el suministro de agua potable debido a que se reparar\u00e1 un ca\u00f1o maestro ubicado en Mitre, entre Suipacha&hellip; <\/p>\n","protected":false},"author":1,"featured_media":786,"comment_status":"open","ping_status":"open","sticky":false,"template":"","format":"standard","meta":{"footnotes":""},"categories":[17],"tags":[],"class_list":["post-785","post","type-post","status-publish","format-standard","has-post-thumbnail","hentry","category-obras-sanitarias"],"_links":{"self":[{"href":"https:\/\/victoria.gob.ar\/prensa\/wp-json\/wp\/v2\/posts\/785","targetHints":{"allow":["GET"]}}],"collection":[{"href":"https:\/\/victoria.gob.ar\/prensa\/wp-json\/wp\/v2\/posts"}],"about":[{"href":"https:\/\/victoria.gob.ar\/prensa\/wp-json\/wp\/v2\/types\/post"}],"author":[{"embeddable":true,"href":"https:\/\/victoria.gob.ar\/prensa\/wp-json\/wp\/v2\/users\/1"}],"replies":[{"embeddable":true,"href":"https:\/\/victoria.gob.ar\/prensa\/wp-json\/wp\/v2\/comments?post=785"}],"version-history":[{"count":1,"href":"https:\/\/victoria.gob.ar\/prensa\/wp-json\/wp\/v2\/posts\/785\/revisions"}],"predecessor-version":[{"id":787,"href":"https:\/\/victoria.gob.ar\/prensa\/wp-json\/wp\/v2\/posts\/785\/revisions\/787"}],"wp:featuredmedia":[{"embeddable":true,"href":"https:\/\/victoria.gob.ar\/prensa\/wp-json\/wp\/v2\/media\/786"}],"wp:attachment":[{"href":"https:\/\/victoria.gob.ar\/prensa\/wp-json\/wp\/v2\/media?parent=785"}],"wp:term":[{"taxonomy":"category","embeddable":true,"href":"https:\/\/victoria.gob.ar\/prensa\/wp-json\/wp\/v2\/categories?post=785"},{"taxonomy":"post_tag","embeddable":true,"href":"https:\/\/victoria.gob.ar\/prensa\/wp-json\/wp\/v2\/tags?post=785"}],"curies":[{"name":"wp","href":"https:\/\/api.w.org\/{rel}","templated":true}]}}