{"id":755,"date":"2025-03-25T12:31:24","date_gmt":"2025-03-25T12:31:24","guid":{"rendered":"https:\/\/victoria.gob.ar\/prensa\/?p=755"},"modified":"2025-03-25T12:31:25","modified_gmt":"2025-03-25T12:31:25","slug":"dia-nacional-de-la-memoria-por-la-verdad-y-la-justicia","status":"publish","type":"post","link":"https:\/\/victoria.gob.ar\/prensa\/dia-nacional-de-la-memoria-por-la-verdad-y-la-justicia\/","title":{"rendered":"D\u00cdA NACIONAL DE LA MEMORIA POR LA VERDAD Y LA JUSTICIA"},"content":{"rendered":"\n<p>Ayer organizamos una jornada de conmemoraci\u00f3n en el sal\u00f3n de sesiones del Concejo Deliberante bajo el lema \u00abLa Memoria en marcha se multiplica\u00bb.<\/p>\n\n\n\n<p>Contamos con las muestras del Registro \u00danico de la Verdad, de la Direcci\u00f3n General de Derechos Humanos de Entre R\u00edos:<br>\ud83d\udccc Ovillos de Trazos (doce l\u00e1minas de 50 x 70 cm).<br>\ud83d\udccc Muestras Diarias LADH (treinta y ocho placas de 30 x 40 cm).<br>\ud83d\udccc Muestra Plaza Mansilla (diecis\u00e9is pa\u00f1os de lona pl\u00e1stica de 150 x 170 cm).<\/p>\n\n\n\n<p>Estas exhibiciones contin\u00faan en exposici\u00f3n en el Concejo Deliberante.<\/p>\n\n\n\n<p>Durante la jornada, la concejal Mariela Minaglia ley\u00f3 un texto alusivo. Adem\u00e1s, en representaci\u00f3n de organizaciones comprometidas con los derechos humanos, Mar\u00eda Luisa P\u00e9rez, Bibiana Basso, Domingo Rivero y Alicia Rodr\u00edguez compartieron un documento en relaci\u00f3n con la fecha.<\/p>\n\n\n\n<p>Agradecemos al Estudio de Danzas Victoria y al Ensamble Municipal de M\u00fasica \u00abOctavio Osuna\u00bb por su participaci\u00f3n en las actividades culturales de la jornada.<\/p>\n\n\n\n<figure class=\"wp-block-gallery has-nested-images columns-default is-cropped wp-block-gallery-1 is-layout-flex wp-block-gallery-is-layout-flex\">\n<figure class=\"wp-block-image size-large\"><img fetchpriority=\"high\" decoding=\"async\" width=\"1024\" height=\"682\" data-id=\"756\" src=\"https:\/\/victoria.gob.ar\/prensa\/wp-content\/uploads\/2025\/03\/WhatsApp-Image-2025-03-25-at-09.24.47-2-1024x682.jpeg\" alt=\"\" class=\"wp-image-756\" srcset=\"https:\/\/victoria.gob.ar\/prensa\/wp-content\/uploads\/2025\/03\/WhatsApp-Image-2025-03-25-at-09.24.47-2-1024x682.jpeg 1024w, https:\/\/victoria.gob.ar\/prensa\/wp-content\/uploads\/2025\/03\/WhatsApp-Image-2025-03-25-at-09.24.47-2-300x200.jpeg 300w, https:\/\/victoria.gob.ar\/prensa\/wp-content\/uploads\/2025\/03\/WhatsApp-Image-2025-03-25-at-09.24.47-2-768x512.jpeg 768w, https:\/\/victoria.gob.ar\/prensa\/wp-content\/uploads\/2025\/03\/WhatsApp-Image-2025-03-25-at-09.24.47-2-1536x1023.jpeg 1536w, https:\/\/victoria.gob.ar\/prensa\/wp-content\/uploads\/2025\/03\/WhatsApp-Image-2025-03-25-at-09.24.47-2.jpeg 1600w\" sizes=\"(max-width: 1024px) 100vw, 1024px\" \/><\/figure>\n\n\n\n<figure class=\"wp-block-image size-large\"><img decoding=\"async\" width=\"1024\" height=\"682\" data-id=\"759\" src=\"https:\/\/victoria.gob.ar\/prensa\/wp-content\/uploads\/2025\/03\/WhatsApp-Image-2025-03-25-at-09.24.47-1-1024x682.jpeg\" alt=\"\" class=\"wp-image-759\" srcset=\"https:\/\/victoria.gob.ar\/prensa\/wp-content\/uploads\/2025\/03\/WhatsApp-Image-2025-03-25-at-09.24.47-1-1024x682.jpeg 1024w, https:\/\/victoria.gob.ar\/prensa\/wp-content\/uploads\/2025\/03\/WhatsApp-Image-2025-03-25-at-09.24.47-1-300x200.jpeg 300w, https:\/\/victoria.gob.ar\/prensa\/wp-content\/uploads\/2025\/03\/WhatsApp-Image-2025-03-25-at-09.24.47-1-768x512.jpeg 768w, https:\/\/victoria.gob.ar\/prensa\/wp-content\/uploads\/2025\/03\/WhatsApp-Image-2025-03-25-at-09.24.47-1-1536x1023.jpeg 1536w, https:\/\/victoria.gob.ar\/prensa\/wp-content\/uploads\/2025\/03\/WhatsApp-Image-2025-03-25-at-09.24.47-1.jpeg 1600w\" sizes=\"(max-width: 1024px) 100vw, 1024px\" \/><\/figure>\n\n\n\n<figure class=\"wp-block-image size-large\"><img decoding=\"async\" width=\"1024\" height=\"682\" data-id=\"762\" src=\"https:\/\/victoria.gob.ar\/prensa\/wp-content\/uploads\/2025\/03\/WhatsApp-Image-2025-03-25-at-09.24.48-1-1024x682.jpeg\" alt=\"\" class=\"wp-image-762\" srcset=\"https:\/\/victoria.gob.ar\/prensa\/wp-content\/uploads\/2025\/03\/WhatsApp-Image-2025-03-25-at-09.24.48-1-1024x682.jpeg 1024w, https:\/\/victoria.gob.ar\/prensa\/wp-content\/uploads\/2025\/03\/WhatsApp-Image-2025-03-25-at-09.24.48-1-300x200.jpeg 300w, https:\/\/victoria.gob.ar\/prensa\/wp-content\/uploads\/2025\/03\/WhatsApp-Image-2025-03-25-at-09.24.48-1-768x512.jpeg 768w, https:\/\/victoria.gob.ar\/prensa\/wp-content\/uploads\/2025\/03\/WhatsApp-Image-2025-03-25-at-09.24.48-1-1536x1023.jpeg 1536w, https:\/\/victoria.gob.ar\/prensa\/wp-content\/uploads\/2025\/03\/WhatsApp-Image-2025-03-25-at-09.24.48-1.jpeg 1600w\" sizes=\"(max-width: 1024px) 100vw, 1024px\" \/><\/figure>\n\n\n\n<figure class=\"wp-block-image size-large\"><img loading=\"lazy\" decoding=\"async\" width=\"1024\" height=\"682\" data-id=\"757\" src=\"https:\/\/victoria.gob.ar\/prensa\/wp-content\/uploads\/2025\/03\/WhatsApp-Image-2025-03-25-at-09.24.48-1024x682.jpeg\" alt=\"\" class=\"wp-image-757\" srcset=\"https:\/\/victoria.gob.ar\/prensa\/wp-content\/uploads\/2025\/03\/WhatsApp-Image-2025-03-25-at-09.24.48-1024x682.jpeg 1024w, https:\/\/victoria.gob.ar\/prensa\/wp-content\/uploads\/2025\/03\/WhatsApp-Image-2025-03-25-at-09.24.48-300x200.jpeg 300w, https:\/\/victoria.gob.ar\/prensa\/wp-content\/uploads\/2025\/03\/WhatsApp-Image-2025-03-25-at-09.24.48-768x512.jpeg 768w, https:\/\/victoria.gob.ar\/prensa\/wp-content\/uploads\/2025\/03\/WhatsApp-Image-2025-03-25-at-09.24.48-1536x1023.jpeg 1536w, https:\/\/victoria.gob.ar\/prensa\/wp-content\/uploads\/2025\/03\/WhatsApp-Image-2025-03-25-at-09.24.48.jpeg 1600w\" sizes=\"(max-width: 1024px) 100vw, 1024px\" \/><\/figure>\n\n\n\n<figure class=\"wp-block-image size-large\"><img loading=\"lazy\" decoding=\"async\" width=\"1024\" height=\"682\" data-id=\"758\" src=\"https:\/\/victoria.gob.ar\/prensa\/wp-content\/uploads\/2025\/03\/WhatsApp-Image-2025-03-25-at-09.24.47-1024x682.jpeg\" alt=\"\" class=\"wp-image-758\" srcset=\"https:\/\/victoria.gob.ar\/prensa\/wp-content\/uploads\/2025\/03\/WhatsApp-Image-2025-03-25-at-09.24.47-1024x682.jpeg 1024w, https:\/\/victoria.gob.ar\/prensa\/wp-content\/uploads\/2025\/03\/WhatsApp-Image-2025-03-25-at-09.24.47-300x200.jpeg 300w, https:\/\/victoria.gob.ar\/prensa\/wp-content\/uploads\/2025\/03\/WhatsApp-Image-2025-03-25-at-09.24.47-768x512.jpeg 768w, https:\/\/victoria.gob.ar\/prensa\/wp-content\/uploads\/2025\/03\/WhatsApp-Image-2025-03-25-at-09.24.47-1536x1023.jpeg 1536w, https:\/\/victoria.gob.ar\/prensa\/wp-content\/uploads\/2025\/03\/WhatsApp-Image-2025-03-25-at-09.24.47.jpeg 1600w\" sizes=\"(max-width: 1024px) 100vw, 1024px\" \/><\/figure>\n\n\n\n<figure class=\"wp-block-image size-large\"><img loading=\"lazy\" decoding=\"async\" width=\"1024\" height=\"682\" data-id=\"763\" src=\"https:\/\/victoria.gob.ar\/prensa\/wp-content\/uploads\/2025\/03\/WhatsApp-Image-2025-03-25-at-09.24.46-3-1024x682.jpeg\" alt=\"\" class=\"wp-image-763\" srcset=\"https:\/\/victoria.gob.ar\/prensa\/wp-content\/uploads\/2025\/03\/WhatsApp-Image-2025-03-25-at-09.24.46-3-1024x682.jpeg 1024w, https:\/\/victoria.gob.ar\/prensa\/wp-content\/uploads\/2025\/03\/WhatsApp-Image-2025-03-25-at-09.24.46-3-300x200.jpeg 300w, https:\/\/victoria.gob.ar\/prensa\/wp-content\/uploads\/2025\/03\/WhatsApp-Image-2025-03-25-at-09.24.46-3-768x512.jpeg 768w, https:\/\/victoria.gob.ar\/prensa\/wp-content\/uploads\/2025\/03\/WhatsApp-Image-2025-03-25-at-09.24.46-3-1536x1023.jpeg 1536w, https:\/\/victoria.gob.ar\/prensa\/wp-content\/uploads\/2025\/03\/WhatsApp-Image-2025-03-25-at-09.24.46-3.jpeg 1600w\" sizes=\"(max-width: 1024px) 100vw, 1024px\" \/><\/figure>\n\n\n\n<figure class=\"wp-block-image size-large\"><img loading=\"lazy\" decoding=\"async\" width=\"1024\" height=\"682\" data-id=\"760\" src=\"https:\/\/victoria.gob.ar\/prensa\/wp-content\/uploads\/2025\/03\/WhatsApp-Image-2025-03-25-at-09.24.46-2-1024x682.jpeg\" alt=\"\" class=\"wp-image-760\" srcset=\"https:\/\/victoria.gob.ar\/prensa\/wp-content\/uploads\/2025\/03\/WhatsApp-Image-2025-03-25-at-09.24.46-2-1024x682.jpeg 1024w, https:\/\/victoria.gob.ar\/prensa\/wp-content\/uploads\/2025\/03\/WhatsApp-Image-2025-03-25-at-09.24.46-2-300x200.jpeg 300w, https:\/\/victoria.gob.ar\/prensa\/wp-content\/uploads\/2025\/03\/WhatsApp-Image-2025-03-25-at-09.24.46-2-768x512.jpeg 768w, https:\/\/victoria.gob.ar\/prensa\/wp-content\/uploads\/2025\/03\/WhatsApp-Image-2025-03-25-at-09.24.46-2-1536x1023.jpeg 1536w, https:\/\/victoria.gob.ar\/prensa\/wp-content\/uploads\/2025\/03\/WhatsApp-Image-2025-03-25-at-09.24.46-2.jpeg 1600w\" sizes=\"(max-width: 1024px) 100vw, 1024px\" \/><\/figure>\n\n\n\n<figure class=\"wp-block-image size-large\"><img loading=\"lazy\" decoding=\"async\" width=\"1024\" height=\"682\" data-id=\"761\" src=\"https:\/\/victoria.gob.ar\/prensa\/wp-content\/uploads\/2025\/03\/WhatsApp-Image-2025-03-25-at-09.24.46-1-1024x682.jpeg\" alt=\"\" class=\"wp-image-761\" srcset=\"https:\/\/victoria.gob.ar\/prensa\/wp-content\/uploads\/2025\/03\/WhatsApp-Image-2025-03-25-at-09.24.46-1-1024x682.jpeg 1024w, https:\/\/victoria.gob.ar\/prensa\/wp-content\/uploads\/2025\/03\/WhatsApp-Image-2025-03-25-at-09.24.46-1-300x200.jpeg 300w, https:\/\/victoria.gob.ar\/prensa\/wp-content\/uploads\/2025\/03\/WhatsApp-Image-2025-03-25-at-09.24.46-1-768x512.jpeg 768w, https:\/\/victoria.gob.ar\/prensa\/wp-content\/uploads\/2025\/03\/WhatsApp-Image-2025-03-25-at-09.24.46-1-1536x1023.jpeg 1536w, https:\/\/victoria.gob.ar\/prensa\/wp-content\/uploads\/2025\/03\/WhatsApp-Image-2025-03-25-at-09.24.46-1.jpeg 1600w\" sizes=\"(max-width: 1024px) 100vw, 1024px\" \/><\/figure>\n\n\n\n<figure class=\"wp-block-image size-large\"><img loading=\"lazy\" decoding=\"async\" width=\"1024\" height=\"682\" data-id=\"765\" src=\"https:\/\/victoria.gob.ar\/prensa\/wp-content\/uploads\/2025\/03\/WhatsApp-Image-2025-03-25-at-09.24.46-1024x682.jpeg\" alt=\"\" class=\"wp-image-765\" srcset=\"https:\/\/victoria.gob.ar\/prensa\/wp-content\/uploads\/2025\/03\/WhatsApp-Image-2025-03-25-at-09.24.46-1024x682.jpeg 1024w, https:\/\/victoria.gob.ar\/prensa\/wp-content\/uploads\/2025\/03\/WhatsApp-Image-2025-03-25-at-09.24.46-300x200.jpeg 300w, https:\/\/victoria.gob.ar\/prensa\/wp-content\/uploads\/2025\/03\/WhatsApp-Image-2025-03-25-at-09.24.46-768x512.jpeg 768w, https:\/\/victoria.gob.ar\/prensa\/wp-content\/uploads\/2025\/03\/WhatsApp-Image-2025-03-25-at-09.24.46-1536x1023.jpeg 1536w, https:\/\/victoria.gob.ar\/prensa\/wp-content\/uploads\/2025\/03\/WhatsApp-Image-2025-03-25-at-09.24.46.jpeg 1600w\" sizes=\"(max-width: 1024px) 100vw, 1024px\" \/><\/figure>\n\n\n\n<figure class=\"wp-block-image size-large\"><img loading=\"lazy\" decoding=\"async\" width=\"1024\" height=\"682\" data-id=\"764\" src=\"https:\/\/victoria.gob.ar\/prensa\/wp-content\/uploads\/2025\/03\/WhatsApp-Image-2025-03-25-at-09.24.45-1024x682.jpeg\" alt=\"\" class=\"wp-image-764\" srcset=\"https:\/\/victoria.gob.ar\/prensa\/wp-content\/uploads\/2025\/03\/WhatsApp-Image-2025-03-25-at-09.24.45-1024x682.jpeg 1024w, https:\/\/victoria.gob.ar\/prensa\/wp-content\/uploads\/2025\/03\/WhatsApp-Image-2025-03-25-at-09.24.45-300x200.jpeg 300w, https:\/\/victoria.gob.ar\/prensa\/wp-content\/uploads\/2025\/03\/WhatsApp-Image-2025-03-25-at-09.24.45-768x512.jpeg 768w, https:\/\/victoria.gob.ar\/prensa\/wp-content\/uploads\/2025\/03\/WhatsApp-Image-2025-03-25-at-09.24.45-1536x1023.jpeg 1536w, https:\/\/victoria.gob.ar\/prensa\/wp-content\/uploads\/2025\/03\/WhatsApp-Image-2025-03-25-at-09.24.45.jpeg 1600w\" sizes=\"(max-width: 1024px) 100vw, 1024px\" \/><\/figure>\n<\/figure>\n","protected":false},"excerpt":{"rendered":"<p>Ayer organizamos una jornada de conmemoraci\u00f3n en el sal\u00f3n de sesiones del Concejo Deliberante bajo el lema \u00abLa Memoria en marcha se multiplica\u00bb. Contamos con las muestras del Registro \u00danico&hellip; <\/p>\n","protected":false},"author":1,"featured_media":758,"comment_status":"open","ping_status":"open","sticky":false,"template":"","format":"standard","meta":{"footnotes":""},"categories":[7,9],"tags":[],"class_list":["post-755","post","type-post","status-publish","format-standard","has-post-thumbnail","hentry","category-cultura","category-gestion"],"_links":{"self":[{"href":"https:\/\/victoria.gob.ar\/prensa\/wp-json\/wp\/v2\/posts\/755","targetHints":{"allow":["GET"]}}],"collection":[{"href":"https:\/\/victoria.gob.ar\/prensa\/wp-json\/wp\/v2\/posts"}],"about":[{"href":"https:\/\/victoria.gob.ar\/prensa\/wp-json\/wp\/v2\/types\/post"}],"author":[{"embeddable":true,"href":"https:\/\/victoria.gob.ar\/prensa\/wp-json\/wp\/v2\/users\/1"}],"replies":[{"embeddable":true,"href":"https:\/\/victoria.gob.ar\/prensa\/wp-json\/wp\/v2\/comments?post=755"}],"version-history":[{"count":1,"href":"https:\/\/victoria.gob.ar\/prensa\/wp-json\/wp\/v2\/posts\/755\/revisions"}],"predecessor-version":[{"id":766,"href":"https:\/\/victoria.gob.ar\/prensa\/wp-json\/wp\/v2\/posts\/755\/revisions\/766"}],"wp:featuredmedia":[{"embeddable":true,"href":"https:\/\/victoria.gob.ar\/prensa\/wp-json\/wp\/v2\/media\/758"}],"wp:attachment":[{"href":"https:\/\/victoria.gob.ar\/prensa\/wp-json\/wp\/v2\/media?parent=755"}],"wp:term":[{"taxonomy":"category","embeddable":true,"href":"https:\/\/victoria.gob.ar\/prensa\/wp-json\/wp\/v2\/categories?post=755"},{"taxonomy":"post_tag","embeddable":true,"href":"https:\/\/victoria.gob.ar\/prensa\/wp-json\/wp\/v2\/tags?post=755"}],"curies":[{"name":"wp","href":"https:\/\/api.w.org\/{rel}","templated":true}]}}