{"id":593,"date":"2025-02-05T04:19:54","date_gmt":"2025-02-05T04:19:54","guid":{"rendered":"https:\/\/victoria.gob.ar\/prensa\/?p=593"},"modified":"2025-02-05T04:19:55","modified_gmt":"2025-02-05T04:19:55","slug":"boleto-estudiantil-gratuito","status":"publish","type":"post","link":"https:\/\/victoria.gob.ar\/prensa\/boleto-estudiantil-gratuito\/","title":{"rendered":"BOLETO ESTUDIANTIL GRATUITO"},"content":{"rendered":"\n<p>Nuestra intendente, Isa Castagnino, dispuso que el boleto del Transporte Urbano Municipal (TUM) para estudiantes ser\u00e1 gratuito. Tendr\u00e1 vigencia exclusivamente los d\u00edas h\u00e1biles comprendidos del ciclo lectivo y los interesados para acceder al mismo deber\u00e1n acreditar constancia de alumno regular con una antig\u00fcedad no superior a los seis meses. Pr\u00f3ximamente se fijar\u00e1n los lugares para tramitar este boleto.<\/p>\n\n\n\n<p>Por otro lado, se fijaron los nuevos valores del boleto del TUM, que entrar\u00e1n en vigencia a partir del 1 de febrero. La actualizaci\u00f3n se fijar\u00e1 seg\u00fan la siguiente tabla:<\/p>\n\n\n\n<ul class=\"wp-block-list\">\n<li>Boleto \u00fanico: enti\u00e9ndase aquel que se adquiere sobre el micro y a un costo unitario de 1.500 pesos.<\/li>\n\n\n\n<li>Boletos bonificados: para acceder a este beneficio, los mismos deben ser adquiridos en las bocas de ventas municipales o comercios que adhieran al sistema. \u00c9stos se clasifican en:<\/li>\n\n\n\n<li>General: a un costo de 800 pesos.<\/li>\n\n\n\n<li>Jubilado: a un costo de 500 pesos.<\/li>\n<\/ul>\n\n\n\n<figure class=\"wp-block-image size-large\"><img fetchpriority=\"high\" decoding=\"async\" width=\"1024\" height=\"682\" src=\"https:\/\/victoria.gob.ar\/prensa\/wp-content\/uploads\/2025\/02\/WhatsApp-Image-2025-01-31-at-19.53.08-1024x682.jpeg\" alt=\"\" class=\"wp-image-594\" srcset=\"https:\/\/victoria.gob.ar\/prensa\/wp-content\/uploads\/2025\/02\/WhatsApp-Image-2025-01-31-at-19.53.08-1024x682.jpeg 1024w, https:\/\/victoria.gob.ar\/prensa\/wp-content\/uploads\/2025\/02\/WhatsApp-Image-2025-01-31-at-19.53.08-300x200.jpeg 300w, https:\/\/victoria.gob.ar\/prensa\/wp-content\/uploads\/2025\/02\/WhatsApp-Image-2025-01-31-at-19.53.08-768x512.jpeg 768w, https:\/\/victoria.gob.ar\/prensa\/wp-content\/uploads\/2025\/02\/WhatsApp-Image-2025-01-31-at-19.53.08-1536x1023.jpeg 1536w, https:\/\/victoria.gob.ar\/prensa\/wp-content\/uploads\/2025\/02\/WhatsApp-Image-2025-01-31-at-19.53.08.jpeg 1600w\" sizes=\"(max-width: 1024px) 100vw, 1024px\" \/><\/figure>\n","protected":false},"excerpt":{"rendered":"<p>Nuestra intendente, Isa Castagnino, dispuso que el boleto del Transporte Urbano Municipal (TUM) para estudiantes ser\u00e1 gratuito. Tendr\u00e1 vigencia exclusivamente los d\u00edas h\u00e1biles comprendidos del ciclo lectivo y los interesados&hellip; <\/p>\n","protected":false},"author":1,"featured_media":595,"comment_status":"open","ping_status":"open","sticky":false,"template":"","format":"standard","meta":{"footnotes":""},"categories":[9],"tags":[],"class_list":["post-593","post","type-post","status-publish","format-standard","has-post-thumbnail","hentry","category-gestion"],"_links":{"self":[{"href":"https:\/\/victoria.gob.ar\/prensa\/wp-json\/wp\/v2\/posts\/593","targetHints":{"allow":["GET"]}}],"collection":[{"href":"https:\/\/victoria.gob.ar\/prensa\/wp-json\/wp\/v2\/posts"}],"about":[{"href":"https:\/\/victoria.gob.ar\/prensa\/wp-json\/wp\/v2\/types\/post"}],"author":[{"embeddable":true,"href":"https:\/\/victoria.gob.ar\/prensa\/wp-json\/wp\/v2\/users\/1"}],"replies":[{"embeddable":true,"href":"https:\/\/victoria.gob.ar\/prensa\/wp-json\/wp\/v2\/comments?post=593"}],"version-history":[{"count":1,"href":"https:\/\/victoria.gob.ar\/prensa\/wp-json\/wp\/v2\/posts\/593\/revisions"}],"predecessor-version":[{"id":596,"href":"https:\/\/victoria.gob.ar\/prensa\/wp-json\/wp\/v2\/posts\/593\/revisions\/596"}],"wp:featuredmedia":[{"embeddable":true,"href":"https:\/\/victoria.gob.ar\/prensa\/wp-json\/wp\/v2\/media\/595"}],"wp:attachment":[{"href":"https:\/\/victoria.gob.ar\/prensa\/wp-json\/wp\/v2\/media?parent=593"}],"wp:term":[{"taxonomy":"category","embeddable":true,"href":"https:\/\/victoria.gob.ar\/prensa\/wp-json\/wp\/v2\/categories?post=593"},{"taxonomy":"post_tag","embeddable":true,"href":"https:\/\/victoria.gob.ar\/prensa\/wp-json\/wp\/v2\/tags?post=593"}],"curies":[{"name":"wp","href":"https:\/\/api.w.org\/{rel}","templated":true}]}}