{"id":415,"date":"2024-07-09T03:17:27","date_gmt":"2024-07-09T03:17:27","guid":{"rendered":"https:\/\/victoria.gob.ar\/prensa\/?p=415"},"modified":"2024-07-09T03:17:28","modified_gmt":"2024-07-09T03:17:28","slug":"acto-oficial-y-desfile-civico-militar-por-el-dia-de-la-independencia-%f0%9f%87%a6%f0%9f%87%b7","status":"publish","type":"post","link":"https:\/\/victoria.gob.ar\/prensa\/acto-oficial-y-desfile-civico-militar-por-el-dia-de-la-independencia-%f0%9f%87%a6%f0%9f%87%b7\/","title":{"rendered":"ACTO OFICIAL Y DESFILE C\u00cdVICO MILITAR POR EL D\u00cdA DE LA INDEPENDENCIA \ud83c\udde6\ud83c\uddf7"},"content":{"rendered":"\n<p>\ud83d\uddd3\ufe0f 9 de julio.<br>\ud83d\udccd Calle Chulengo N\u00fa\u00f1ez.<br>\u231a 10:00 h.<br><\/p>\n\n\n\n<p>Acto Oficial por el 9 de julio<\/p>\n\n\n\n<p>La presidente municipal, Sra. Isa Castagnino, invita a Ud. al Acto Oficial en conmemoraci\u00f3n del Bicent\u00e9simo Octavo Aniversario de la Declaraci\u00f3n de la Independencia de nuestro pa\u00eds, que se llevar\u00e1 a cabo el d\u00eda 9 de julio del corriente a\u00f1o, a partir de la hora 10.00 en calle Ricardo \u00abChulengo\u00bb N\u00fa\u00f1ez (zona puerto).<\/p>\n\n\n\n<p>El orden del acto es el siguiente:<\/p>\n\n\n\n<p>Hora 09.30:<\/p>\n\n\n\n<ul class=\"wp-block-list\">\n<li>Concentraci\u00f3n de las Delegaciones escolares en Calle de la Alegr\u00eda.<\/li>\n<\/ul>\n\n\n\n<p>Hora 10.00: Inicio del Acto<\/p>\n\n\n\n<ul class=\"wp-block-list\">\n<li>Izamiento del Pabell\u00f3n Nacional con la entonaci\u00f3n de las estrofas del Himno Nacional Argentino.<\/li>\n\n\n\n<li>Marcha de Entre R\u00edos, Canci\u00f3n Oficial a Victoria ejecutadas por la Banda Municipal \u00abSebasti\u00e1n Ingrao\u00bb.<\/li>\n\n\n\n<li>Invocaci\u00f3n religiosa ecum\u00e9nica.<\/li>\n\n\n\n<li>Palabras alusivas a la fecha, a cargo de la Presidente Municipal Sra. Isa Castagnino.<\/li>\n\n\n\n<li>Desfile C\u00edvico Militar por parte de Establecimientos Educativos y Fuerzas de Seguridad.<\/li>\n\n\n\n<li>Desfile de Agrupaciones Gauchas.<\/li>\n\n\n\n<li>Patio gastron\u00f3mico.<\/li>\n\n\n\n<li>Emprendedores locales.<\/li>\n\n\n\n<li>Shows en vivo.<\/li>\n<\/ul>\n\n\n\n<p>Habr\u00e1 chocolate caliente y una l\u00ednea especial gratuita de TUM.<\/p>\n\n\n\n<figure class=\"wp-block-image size-large\"><img fetchpriority=\"high\" decoding=\"async\" width=\"1024\" height=\"1024\" src=\"https:\/\/victoria.gob.ar\/prensa\/wp-content\/uploads\/2024\/07\/WhatsApp-Image-2024-07-08-at-19.45.57-1024x1024.jpeg\" alt=\"\" class=\"wp-image-417\" srcset=\"https:\/\/victoria.gob.ar\/prensa\/wp-content\/uploads\/2024\/07\/WhatsApp-Image-2024-07-08-at-19.45.57-1024x1024.jpeg 1024w, https:\/\/victoria.gob.ar\/prensa\/wp-content\/uploads\/2024\/07\/WhatsApp-Image-2024-07-08-at-19.45.57-300x300.jpeg 300w, https:\/\/victoria.gob.ar\/prensa\/wp-content\/uploads\/2024\/07\/WhatsApp-Image-2024-07-08-at-19.45.57-150x150.jpeg 150w, https:\/\/victoria.gob.ar\/prensa\/wp-content\/uploads\/2024\/07\/WhatsApp-Image-2024-07-08-at-19.45.57-768x768.jpeg 768w, https:\/\/victoria.gob.ar\/prensa\/wp-content\/uploads\/2024\/07\/WhatsApp-Image-2024-07-08-at-19.45.57.jpeg 1080w\" sizes=\"(max-width: 1024px) 100vw, 1024px\" \/><\/figure>\n","protected":false},"excerpt":{"rendered":"<p>\ud83d\uddd3\ufe0f 9 de julio.\ud83d\udccd Calle Chulengo N\u00fa\u00f1ez.\u231a 10:00 h. Acto Oficial por el 9 de julio La presidente municipal, Sra. Isa Castagnino, invita a Ud. al Acto Oficial en conmemoraci\u00f3n&hellip; <\/p>\n","protected":false},"author":1,"featured_media":416,"comment_status":"open","ping_status":"open","sticky":false,"template":"","format":"standard","meta":{"footnotes":""},"categories":[7,9,8],"tags":[],"class_list":["post-415","post","type-post","status-publish","format-standard","has-post-thumbnail","hentry","category-cultura","category-gestion","category-municipales"],"_links":{"self":[{"href":"https:\/\/victoria.gob.ar\/prensa\/wp-json\/wp\/v2\/posts\/415","targetHints":{"allow":["GET"]}}],"collection":[{"href":"https:\/\/victoria.gob.ar\/prensa\/wp-json\/wp\/v2\/posts"}],"about":[{"href":"https:\/\/victoria.gob.ar\/prensa\/wp-json\/wp\/v2\/types\/post"}],"author":[{"embeddable":true,"href":"https:\/\/victoria.gob.ar\/prensa\/wp-json\/wp\/v2\/users\/1"}],"replies":[{"embeddable":true,"href":"https:\/\/victoria.gob.ar\/prensa\/wp-json\/wp\/v2\/comments?post=415"}],"version-history":[{"count":1,"href":"https:\/\/victoria.gob.ar\/prensa\/wp-json\/wp\/v2\/posts\/415\/revisions"}],"predecessor-version":[{"id":418,"href":"https:\/\/victoria.gob.ar\/prensa\/wp-json\/wp\/v2\/posts\/415\/revisions\/418"}],"wp:featuredmedia":[{"embeddable":true,"href":"https:\/\/victoria.gob.ar\/prensa\/wp-json\/wp\/v2\/media\/416"}],"wp:attachment":[{"href":"https:\/\/victoria.gob.ar\/prensa\/wp-json\/wp\/v2\/media?parent=415"}],"wp:term":[{"taxonomy":"category","embeddable":true,"href":"https:\/\/victoria.gob.ar\/prensa\/wp-json\/wp\/v2\/categories?post=415"},{"taxonomy":"post_tag","embeddable":true,"href":"https:\/\/victoria.gob.ar\/prensa\/wp-json\/wp\/v2\/tags?post=415"}],"curies":[{"name":"wp","href":"https:\/\/api.w.org\/{rel}","templated":true}]}}