{"id":400,"date":"2024-07-03T05:11:57","date_gmt":"2024-07-03T05:11:57","guid":{"rendered":"https:\/\/victoria.gob.ar\/prensa\/?p=400"},"modified":"2024-07-03T05:11:57","modified_gmt":"2024-07-03T05:11:57","slug":"convocatoria-al-sector-pesquero-a-una-reunion-por-tema-de-su-interes-con-la-directora-de-desarrollo-productivo-economico-sustentable-de-la-municipalidad-y-la-fundacion-humedales","status":"publish","type":"post","link":"https:\/\/victoria.gob.ar\/prensa\/convocatoria-al-sector-pesquero-a-una-reunion-por-tema-de-su-interes-con-la-directora-de-desarrollo-productivo-economico-sustentable-de-la-municipalidad-y-la-fundacion-humedales\/","title":{"rendered":"Convocatoria al sector pesquero a una reuni\u00f3n por tema de su inter\u00e9s, con la directora de Desarrollo Productivo Econ\u00f3mico sustentable de la municipalidad y la Fundaci\u00f3n Humedales."},"content":{"rendered":"\n<p>\ud83d\uddd3\ufe0f S\u00e1bado 13 de julio.<br>\u231a 10:00 h.<br>\ud83d\udccd SUM del Cine Teatro Victoria (Alem 64).<\/p>\n\n\n\n<figure class=\"wp-block-image size-large\"><img fetchpriority=\"high\" decoding=\"async\" width=\"1024\" height=\"1024\" src=\"https:\/\/victoria.gob.ar\/prensa\/wp-content\/uploads\/2024\/07\/WhatsApp-Image-2024-07-02-at-09.17.08-1024x1024.jpeg\" alt=\"\" class=\"wp-image-401\" srcset=\"https:\/\/victoria.gob.ar\/prensa\/wp-content\/uploads\/2024\/07\/WhatsApp-Image-2024-07-02-at-09.17.08-1024x1024.jpeg 1024w, https:\/\/victoria.gob.ar\/prensa\/wp-content\/uploads\/2024\/07\/WhatsApp-Image-2024-07-02-at-09.17.08-300x300.jpeg 300w, https:\/\/victoria.gob.ar\/prensa\/wp-content\/uploads\/2024\/07\/WhatsApp-Image-2024-07-02-at-09.17.08-150x150.jpeg 150w, https:\/\/victoria.gob.ar\/prensa\/wp-content\/uploads\/2024\/07\/WhatsApp-Image-2024-07-02-at-09.17.08-768x768.jpeg 768w, https:\/\/victoria.gob.ar\/prensa\/wp-content\/uploads\/2024\/07\/WhatsApp-Image-2024-07-02-at-09.17.08.jpeg 1080w\" sizes=\"(max-width: 1024px) 100vw, 1024px\" \/><\/figure>\n","protected":false},"excerpt":{"rendered":"<p>\ud83d\uddd3\ufe0f S\u00e1bado 13 de julio.\u231a 10:00 h.\ud83d\udccd SUM del Cine Teatro Victoria (Alem 64).<\/p>\n","protected":false},"author":1,"featured_media":401,"comment_status":"open","ping_status":"open","sticky":false,"template":"","format":"standard","meta":{"footnotes":""},"categories":[9,8],"tags":[],"class_list":["post-400","post","type-post","status-publish","format-standard","has-post-thumbnail","hentry","category-gestion","category-municipales"],"_links":{"self":[{"href":"https:\/\/victoria.gob.ar\/prensa\/wp-json\/wp\/v2\/posts\/400","targetHints":{"allow":["GET"]}}],"collection":[{"href":"https:\/\/victoria.gob.ar\/prensa\/wp-json\/wp\/v2\/posts"}],"about":[{"href":"https:\/\/victoria.gob.ar\/prensa\/wp-json\/wp\/v2\/types\/post"}],"author":[{"embeddable":true,"href":"https:\/\/victoria.gob.ar\/prensa\/wp-json\/wp\/v2\/users\/1"}],"replies":[{"embeddable":true,"href":"https:\/\/victoria.gob.ar\/prensa\/wp-json\/wp\/v2\/comments?post=400"}],"version-history":[{"count":1,"href":"https:\/\/victoria.gob.ar\/prensa\/wp-json\/wp\/v2\/posts\/400\/revisions"}],"predecessor-version":[{"id":402,"href":"https:\/\/victoria.gob.ar\/prensa\/wp-json\/wp\/v2\/posts\/400\/revisions\/402"}],"wp:featuredmedia":[{"embeddable":true,"href":"https:\/\/victoria.gob.ar\/prensa\/wp-json\/wp\/v2\/media\/401"}],"wp:attachment":[{"href":"https:\/\/victoria.gob.ar\/prensa\/wp-json\/wp\/v2\/media?parent=400"}],"wp:term":[{"taxonomy":"category","embeddable":true,"href":"https:\/\/victoria.gob.ar\/prensa\/wp-json\/wp\/v2\/categories?post=400"},{"taxonomy":"post_tag","embeddable":true,"href":"https:\/\/victoria.gob.ar\/prensa\/wp-json\/wp\/v2\/tags?post=400"}],"curies":[{"name":"wp","href":"https:\/\/api.w.org\/{rel}","templated":true}]}}