{"id":393,"date":"2024-07-03T05:08:29","date_gmt":"2024-07-03T05:08:29","guid":{"rendered":"https:\/\/victoria.gob.ar\/prensa\/?p=393"},"modified":"2024-07-03T05:08:30","modified_gmt":"2024-07-03T05:08:30","slug":"junto-a-los-jovenes-que-compiten-en-freestyle-en-plaza-san-martin","status":"publish","type":"post","link":"https:\/\/victoria.gob.ar\/prensa\/junto-a-los-jovenes-que-compiten-en-freestyle-en-plaza-san-martin\/","title":{"rendered":"JUNTO A LOS J\u00d3VENES QUE COMPITEN EN FREESTYLE EN PLAZA SAN MART\u00cdN"},"content":{"rendered":"\n<p>Desde la Direcci\u00f3n de Cultura, a trav\u00e9s del \u00c1rea de Juventud, se acompa\u00f1a la competencia de freestyle en Plaza San Mart\u00edn, que desde hace a\u00f1os re\u00fane a j\u00f3venes de nuestra ciudad en esta disciplina.<\/p>\n\n\n\n<figure class=\"wp-block-image size-large\"><img fetchpriority=\"high\" decoding=\"async\" width=\"1024\" height=\"768\" src=\"https:\/\/victoria.gob.ar\/prensa\/wp-content\/uploads\/2024\/07\/WhatsApp-Image-2024-07-01-at-12.14.30-1024x768.jpeg\" alt=\"\" class=\"wp-image-394\" srcset=\"https:\/\/victoria.gob.ar\/prensa\/wp-content\/uploads\/2024\/07\/WhatsApp-Image-2024-07-01-at-12.14.30-1024x768.jpeg 1024w, https:\/\/victoria.gob.ar\/prensa\/wp-content\/uploads\/2024\/07\/WhatsApp-Image-2024-07-01-at-12.14.30-300x225.jpeg 300w, https:\/\/victoria.gob.ar\/prensa\/wp-content\/uploads\/2024\/07\/WhatsApp-Image-2024-07-01-at-12.14.30-768x576.jpeg 768w, https:\/\/victoria.gob.ar\/prensa\/wp-content\/uploads\/2024\/07\/WhatsApp-Image-2024-07-01-at-12.14.30.jpeg 1080w\" sizes=\"(max-width: 1024px) 100vw, 1024px\" \/><\/figure>\n","protected":false},"excerpt":{"rendered":"<p>Desde la Direcci\u00f3n de Cultura, a trav\u00e9s del \u00c1rea de Juventud, se acompa\u00f1a la competencia de freestyle en Plaza San Mart\u00edn, que desde hace a\u00f1os re\u00fane a j\u00f3venes de nuestra&hellip; <\/p>\n","protected":false},"author":1,"featured_media":395,"comment_status":"open","ping_status":"open","sticky":false,"template":"","format":"standard","meta":{"footnotes":""},"categories":[7,9,23],"tags":[],"class_list":["post-393","post","type-post","status-publish","format-standard","has-post-thumbnail","hentry","category-cultura","category-gestion","category-juventud"],"_links":{"self":[{"href":"https:\/\/victoria.gob.ar\/prensa\/wp-json\/wp\/v2\/posts\/393","targetHints":{"allow":["GET"]}}],"collection":[{"href":"https:\/\/victoria.gob.ar\/prensa\/wp-json\/wp\/v2\/posts"}],"about":[{"href":"https:\/\/victoria.gob.ar\/prensa\/wp-json\/wp\/v2\/types\/post"}],"author":[{"embeddable":true,"href":"https:\/\/victoria.gob.ar\/prensa\/wp-json\/wp\/v2\/users\/1"}],"replies":[{"embeddable":true,"href":"https:\/\/victoria.gob.ar\/prensa\/wp-json\/wp\/v2\/comments?post=393"}],"version-history":[{"count":1,"href":"https:\/\/victoria.gob.ar\/prensa\/wp-json\/wp\/v2\/posts\/393\/revisions"}],"predecessor-version":[{"id":396,"href":"https:\/\/victoria.gob.ar\/prensa\/wp-json\/wp\/v2\/posts\/393\/revisions\/396"}],"wp:featuredmedia":[{"embeddable":true,"href":"https:\/\/victoria.gob.ar\/prensa\/wp-json\/wp\/v2\/media\/395"}],"wp:attachment":[{"href":"https:\/\/victoria.gob.ar\/prensa\/wp-json\/wp\/v2\/media?parent=393"}],"wp:term":[{"taxonomy":"category","embeddable":true,"href":"https:\/\/victoria.gob.ar\/prensa\/wp-json\/wp\/v2\/categories?post=393"},{"taxonomy":"post_tag","embeddable":true,"href":"https:\/\/victoria.gob.ar\/prensa\/wp-json\/wp\/v2\/tags?post=393"}],"curies":[{"name":"wp","href":"https:\/\/api.w.org\/{rel}","templated":true}]}}