{"id":367,"date":"2024-06-20T01:31:09","date_gmt":"2024-06-20T01:31:09","guid":{"rendered":"https:\/\/victoria.gob.ar\/prensa\/?p=367"},"modified":"2024-06-20T01:31:43","modified_gmt":"2024-06-20T01:31:43","slug":"servicios-municipales-para-el-20-y-21-de-junio","status":"publish","type":"post","link":"https:\/\/victoria.gob.ar\/prensa\/servicios-municipales-para-el-20-y-21-de-junio\/","title":{"rendered":"SERVICIOS MUNICIPALES PARA EL  20 Y 21 DE JUNIO"},"content":{"rendered":"\n<p>La Municipalidad de Victoria garantiza, durante el 20 y 21 de junio, la Guardia de Seguridad y Control Urbano, y, ante el suceso de un evento que amerite, la activaci\u00f3n de las cuadrillas de emergencia. Adem\u00e1s, la Secci\u00f3n Seguridad Vial trabajar\u00e1 con normalidad desde su Cuerpo de Control de Tr\u00e1nsito. No funcionar\u00e1 el Sistema de Estacionamiento Medido.<\/p>\n\n\n\n<p>Las l\u00edneas telef\u00f3nicas del Centro de Atenci\u00f3n al Vecino, <img decoding=\"async\" height=\"16\" width=\"16\" alt=\"\ud83d\udcde\" src=\"https:\/\/static.xx.fbcdn.net\/images\/emoji.php\/v9\/t4d\/1\/16\/1f4de.png\"> 147 en telefon\u00eda <a><\/a>fija y <img decoding=\"async\" height=\"16\" width=\"16\" alt=\"\ud83d\udcf1\" src=\"https:\/\/static.xx.fbcdn.net\/images\/emoji.php\/v9\/t57\/1\/16\/1f4f1.png\"> 3436 570456 mediante WhatsApp, funcionar\u00e1n con normalidad, como siempre lo hacen.<\/p>\n\n\n\n<p>\u2022 Tambi\u00e9n, la recolecci\u00f3n de residuos domiciliarios se realizar\u00e1 con normalidad el jueves. Sin embargo, el viernes no se realizar\u00e1 la recolecci\u00f3n.<\/p>\n\n\n\n<p>\u2022 El jueves 20 de junio habr\u00e1 servicio de Transporte Urbano Municipal (TUM) con sus dos l\u00edneas, pero con horario reducido: de 07:00 a 13:00 h, a la tarde no habr\u00e1 servicio.<\/p>\n\n\n\n<p>El viernes 21 de junio, el TUM funcionar\u00e1 con dos l\u00edneas de 07:00 a 13:00 h y de 16:00 a 20:00 h.<\/p>\n\n\n\n<p>\u2022 La guardia telef\u00f3nica del \u00c1rea de la Mujer funcionar\u00e1, tal como lo hace todos los d\u00edas, las 24 horas: 3436 511435.<\/p>\n\n\n\n<figure class=\"wp-block-image size-full\"><img fetchpriority=\"high\" decoding=\"async\" width=\"960\" height=\"960\" src=\"https:\/\/victoria.gob.ar\/prensa\/wp-content\/uploads\/2024\/06\/findelargo.jpg\" alt=\"\" class=\"wp-image-368\" srcset=\"https:\/\/victoria.gob.ar\/prensa\/wp-content\/uploads\/2024\/06\/findelargo.jpg 960w, https:\/\/victoria.gob.ar\/prensa\/wp-content\/uploads\/2024\/06\/findelargo-300x300.jpg 300w, https:\/\/victoria.gob.ar\/prensa\/wp-content\/uploads\/2024\/06\/findelargo-150x150.jpg 150w, https:\/\/victoria.gob.ar\/prensa\/wp-content\/uploads\/2024\/06\/findelargo-768x768.jpg 768w\" sizes=\"(max-width: 960px) 100vw, 960px\" \/><\/figure>\n","protected":false},"excerpt":{"rendered":"<p>La Municipalidad de Victoria garantiza, durante el 20 y 21 de junio, la Guardia de Seguridad y Control Urbano, y, ante el suceso de un evento que amerite, la activaci\u00f3n&hellip; <\/p>\n","protected":false},"author":1,"featured_media":368,"comment_status":"open","ping_status":"open","sticky":false,"template":"","format":"standard","meta":{"footnotes":""},"categories":[9,8],"tags":[],"class_list":["post-367","post","type-post","status-publish","format-standard","has-post-thumbnail","hentry","category-gestion","category-municipales"],"_links":{"self":[{"href":"https:\/\/victoria.gob.ar\/prensa\/wp-json\/wp\/v2\/posts\/367","targetHints":{"allow":["GET"]}}],"collection":[{"href":"https:\/\/victoria.gob.ar\/prensa\/wp-json\/wp\/v2\/posts"}],"about":[{"href":"https:\/\/victoria.gob.ar\/prensa\/wp-json\/wp\/v2\/types\/post"}],"author":[{"embeddable":true,"href":"https:\/\/victoria.gob.ar\/prensa\/wp-json\/wp\/v2\/users\/1"}],"replies":[{"embeddable":true,"href":"https:\/\/victoria.gob.ar\/prensa\/wp-json\/wp\/v2\/comments?post=367"}],"version-history":[{"count":1,"href":"https:\/\/victoria.gob.ar\/prensa\/wp-json\/wp\/v2\/posts\/367\/revisions"}],"predecessor-version":[{"id":369,"href":"https:\/\/victoria.gob.ar\/prensa\/wp-json\/wp\/v2\/posts\/367\/revisions\/369"}],"wp:featuredmedia":[{"embeddable":true,"href":"https:\/\/victoria.gob.ar\/prensa\/wp-json\/wp\/v2\/media\/368"}],"wp:attachment":[{"href":"https:\/\/victoria.gob.ar\/prensa\/wp-json\/wp\/v2\/media?parent=367"}],"wp:term":[{"taxonomy":"category","embeddable":true,"href":"https:\/\/victoria.gob.ar\/prensa\/wp-json\/wp\/v2\/categories?post=367"},{"taxonomy":"post_tag","embeddable":true,"href":"https:\/\/victoria.gob.ar\/prensa\/wp-json\/wp\/v2\/tags?post=367"}],"curies":[{"name":"wp","href":"https:\/\/api.w.org\/{rel}","templated":true}]}}