{"id":347,"date":"2024-06-19T13:39:20","date_gmt":"2024-06-19T13:39:20","guid":{"rendered":"https:\/\/victoria.gob.ar\/prensa\/?p=347"},"modified":"2024-06-19T13:42:35","modified_gmt":"2024-06-19T13:42:35","slug":"acto-por-el-dia-de-la-bandera","status":"publish","type":"post","link":"https:\/\/victoria.gob.ar\/prensa\/acto-por-el-dia-de-la-bandera\/","title":{"rendered":"ACTO POR EL D\u00cdA DE LA BANDERA"},"content":{"rendered":"\n<p>\u231a 10:00 h:<\/p>\n\n\n\n<ul class=\"wp-block-list\">\n<li>Izamiento del Pabell\u00f3n Nacional. Entonaci\u00f3n de la Marcha Aurora, ejecutada por la Banda Municipal de M\u00fasica \u00abSebasti\u00e1n Ingrao\u00bb, dirigida por el maestro Hern\u00e1n S\u00e1nchez e interpretada por el Coro Municipal de Ni\u00f1os.<\/li>\n\n\n\n<li>Himno Nacional Argentino, Marcha de Entre R\u00edos, Canci\u00f3n Oficial a Victoria, ejecutada por la Banda Municipal de M\u00fasica \u00abSebasti\u00e1n Ingrao\u00bb.<\/li>\n\n\n\n<li>Invocaci\u00f3n religiosa.<\/li>\n\n\n\n<li>Saludo a los ni\u00f1os que har\u00e1n su promesa a la Bandera por parte de la presidente municipal.<\/li>\n\n\n\n<li>Promesa a la Bandera por alumnos de cuarto grado del Departamento Victoria, a cargo de la directora departamental de escuelas, Prof. Silvia Garcilazo.<\/li>\n\n\n\n<li>Canci\u00f3n a la Bandera interpretada por el Coro Municipal de Ni\u00f1os.<\/li>\n\n\n\n<li>Entrega de recordatorios a los estudiantes de cuarto grado que realizaron la promesa a la Bandera.<\/li>\n\n\n\n<li>Reconocimiento a la Unidad Penal Nro. 5 \u201cGdor. Febre\u201d.<\/li>\n\n\n\n<li>Paso frente al palco de autoridades de Fuerzas de Seguridad y Establecimientos<br>Educativos.<\/li>\n\n\n\n<li>Paso de los estudiantes que prometieron su lealtad a la Bandera.<\/li>\n\n\n\n<li>Se compartir\u00e1 con el p\u00fablico presente chocolate a cargo de la Unidad Penal Nro. 5 \u201cGdor. Febre\u201d.<\/li>\n<\/ul>\n\n\n\n<figure class=\"wp-block-image size-full\"><img fetchpriority=\"high\" decoding=\"async\" width=\"951\" height=\"960\" src=\"https:\/\/victoria.gob.ar\/prensa\/wp-content\/uploads\/2024\/06\/bandera.jpg\" alt=\"\" class=\"wp-image-348\" srcset=\"https:\/\/victoria.gob.ar\/prensa\/wp-content\/uploads\/2024\/06\/bandera.jpg 951w, https:\/\/victoria.gob.ar\/prensa\/wp-content\/uploads\/2024\/06\/bandera-297x300.jpg 297w, https:\/\/victoria.gob.ar\/prensa\/wp-content\/uploads\/2024\/06\/bandera-150x150.jpg 150w, https:\/\/victoria.gob.ar\/prensa\/wp-content\/uploads\/2024\/06\/bandera-768x775.jpg 768w\" sizes=\"(max-width: 951px) 100vw, 951px\" \/><\/figure>\n","protected":false},"excerpt":{"rendered":"<p>\u231a 10:00 h:<\/p>\n","protected":false},"author":1,"featured_media":348,"comment_status":"open","ping_status":"open","sticky":false,"template":"","format":"standard","meta":{"footnotes":""},"categories":[7],"tags":[],"class_list":["post-347","post","type-post","status-publish","format-standard","has-post-thumbnail","hentry","category-cultura"],"_links":{"self":[{"href":"https:\/\/victoria.gob.ar\/prensa\/wp-json\/wp\/v2\/posts\/347","targetHints":{"allow":["GET"]}}],"collection":[{"href":"https:\/\/victoria.gob.ar\/prensa\/wp-json\/wp\/v2\/posts"}],"about":[{"href":"https:\/\/victoria.gob.ar\/prensa\/wp-json\/wp\/v2\/types\/post"}],"author":[{"embeddable":true,"href":"https:\/\/victoria.gob.ar\/prensa\/wp-json\/wp\/v2\/users\/1"}],"replies":[{"embeddable":true,"href":"https:\/\/victoria.gob.ar\/prensa\/wp-json\/wp\/v2\/comments?post=347"}],"version-history":[{"count":2,"href":"https:\/\/victoria.gob.ar\/prensa\/wp-json\/wp\/v2\/posts\/347\/revisions"}],"predecessor-version":[{"id":351,"href":"https:\/\/victoria.gob.ar\/prensa\/wp-json\/wp\/v2\/posts\/347\/revisions\/351"}],"wp:featuredmedia":[{"embeddable":true,"href":"https:\/\/victoria.gob.ar\/prensa\/wp-json\/wp\/v2\/media\/348"}],"wp:attachment":[{"href":"https:\/\/victoria.gob.ar\/prensa\/wp-json\/wp\/v2\/media?parent=347"}],"wp:term":[{"taxonomy":"category","embeddable":true,"href":"https:\/\/victoria.gob.ar\/prensa\/wp-json\/wp\/v2\/categories?post=347"},{"taxonomy":"post_tag","embeddable":true,"href":"https:\/\/victoria.gob.ar\/prensa\/wp-json\/wp\/v2\/tags?post=347"}],"curies":[{"name":"wp","href":"https:\/\/api.w.org\/{rel}","templated":true}]}}