{"id":3243,"date":"2026-09-04T15:44:54","date_gmt":"2026-09-04T15:44:54","guid":{"rendered":"https:\/\/victoria.gob.ar\/prensa\/?p=3243"},"modified":"2026-09-04T15:44:55","modified_gmt":"2026-09-04T15:44:55","slug":"servicios-municipales-durante-el-asueto-administrativo-del-martes","status":"publish","type":"post","link":"https:\/\/victoria.gob.ar\/prensa\/servicios-municipales-durante-el-asueto-administrativo-del-martes\/","title":{"rendered":"SERVICIOS MUNICIPALES DURANTE EL ASUETO ADMINISTRATIVO DEL MARTES"},"content":{"rendered":"\n<p class=\"wp-block-paragraph\">La Municipalidad de Victoria informa a la comunidad los servicios que se brindar\u00e1n durante el asueto administrativo del martes 8 de septiembre, por el D\u00eda de Nuestra Se\u00f1ora de Ar\u00e1nzazu, Patrona de Victoria.<\/p>\n\n\n\n<p class=\"wp-block-paragraph\">\u2705 El servicio de TUM ser\u00e1 gratuito. Las l\u00edneas saldr\u00e1n desde sus cabeceras hasta Av. Congreso y Espa\u00f1a a las 14:00 y 15:00 h. Luego, a la vuelta, el servicio se reanudar\u00e1 desde Av. Congreso y Espa\u00f1a a partir de las 18:00 h.<\/p>\n\n\n\n<p class=\"wp-block-paragraph\">\u2705 La Guardia de Seguridad y Control Urbano prestar\u00e1 servicios. Adem\u00e1s, ante el suceso de un evento que amerite, se podr\u00e1n activar las cuadrillas de emergencia.<\/p>\n\n\n\n<p class=\"wp-block-paragraph\">\u2705 La secci\u00f3n Seguridad Vial trabajar\u00e1 con normalidad desde su Cuerpo de Control de Tr\u00e1nsito.<\/p>\n\n\n\n<p class=\"wp-block-paragraph\">\u2705 La l\u00ednea del Centro de Atenci\u00f3n al Vecino, 147, funcionar\u00e1 con normalidad.<\/p>\n\n\n\n<p class=\"wp-block-paragraph\">\u274c No habr\u00e1 servicio de recolecci\u00f3n de residuos.<\/p>\n\n\n\n<p class=\"wp-block-paragraph\">\u274c No habr\u00e1 atenci\u00f3n al p\u00fablico por Mesa de Entrada.<\/p>\n\n\n\n<figure class=\"wp-block-gallery has-nested-images columns-default is-cropped wp-block-gallery-1 is-layout-flex wp-block-gallery-is-layout-flex\">\n<figure class=\"wp-block-image size-large\"><img fetchpriority=\"high\" decoding=\"async\" width=\"819\" height=\"1024\" data-id=\"3244\" src=\"https:\/\/victoria.gob.ar\/prensa\/wp-content\/uploads\/2026\/09\/WhatsApp-Image-2026-09-04-at-12.35.30-1-819x1024.jpeg\" alt=\"\" class=\"wp-image-3244\" srcset=\"https:\/\/victoria.gob.ar\/prensa\/wp-content\/uploads\/2026\/09\/WhatsApp-Image-2026-09-04-at-12.35.30-1-819x1024.jpeg 819w, https:\/\/victoria.gob.ar\/prensa\/wp-content\/uploads\/2026\/09\/WhatsApp-Image-2026-09-04-at-12.35.30-1-240x300.jpeg 240w, https:\/\/victoria.gob.ar\/prensa\/wp-content\/uploads\/2026\/09\/WhatsApp-Image-2026-09-04-at-12.35.30-1-768x960.jpeg 768w, https:\/\/victoria.gob.ar\/prensa\/wp-content\/uploads\/2026\/09\/WhatsApp-Image-2026-09-04-at-12.35.30-1.jpeg 1080w\" sizes=\"(max-width: 819px) 100vw, 819px\" \/><\/figure>\n\n\n\n<figure class=\"wp-block-image size-large\"><img decoding=\"async\" width=\"819\" height=\"1024\" data-id=\"3245\" src=\"https:\/\/victoria.gob.ar\/prensa\/wp-content\/uploads\/2026\/09\/WhatsApp-Image-2026-09-04-at-12.35.30-819x1024.jpeg\" alt=\"\" class=\"wp-image-3245\" srcset=\"https:\/\/victoria.gob.ar\/prensa\/wp-content\/uploads\/2026\/09\/WhatsApp-Image-2026-09-04-at-12.35.30-819x1024.jpeg 819w, https:\/\/victoria.gob.ar\/prensa\/wp-content\/uploads\/2026\/09\/WhatsApp-Image-2026-09-04-at-12.35.30-240x300.jpeg 240w, https:\/\/victoria.gob.ar\/prensa\/wp-content\/uploads\/2026\/09\/WhatsApp-Image-2026-09-04-at-12.35.30-768x960.jpeg 768w, https:\/\/victoria.gob.ar\/prensa\/wp-content\/uploads\/2026\/09\/WhatsApp-Image-2026-09-04-at-12.35.30.jpeg 1080w\" sizes=\"(max-width: 819px) 100vw, 819px\" \/><\/figure>\n\n\n\n<figure class=\"wp-block-image size-large\"><img decoding=\"async\" width=\"819\" height=\"1024\" data-id=\"3246\" src=\"https:\/\/victoria.gob.ar\/prensa\/wp-content\/uploads\/2026\/09\/WhatsApp-Image-2026-09-04-at-12.35.29-819x1024.jpeg\" alt=\"\" class=\"wp-image-3246\" srcset=\"https:\/\/victoria.gob.ar\/prensa\/wp-content\/uploads\/2026\/09\/WhatsApp-Image-2026-09-04-at-12.35.29-819x1024.jpeg 819w, https:\/\/victoria.gob.ar\/prensa\/wp-content\/uploads\/2026\/09\/WhatsApp-Image-2026-09-04-at-12.35.29-240x300.jpeg 240w, https:\/\/victoria.gob.ar\/prensa\/wp-content\/uploads\/2026\/09\/WhatsApp-Image-2026-09-04-at-12.35.29-768x960.jpeg 768w, https:\/\/victoria.gob.ar\/prensa\/wp-content\/uploads\/2026\/09\/WhatsApp-Image-2026-09-04-at-12.35.29.jpeg 1080w\" sizes=\"(max-width: 819px) 100vw, 819px\" \/><\/figure>\n<\/figure>\n","protected":false},"excerpt":{"rendered":"<p>La Municipalidad de Victoria informa a la comunidad los servicios que se brindar\u00e1n durante el asueto administrativo del martes 8 de septiembre, por el D\u00eda de Nuestra Se\u00f1ora de Ar\u00e1nzazu,&hellip; <\/p>\n","protected":false},"author":1,"featured_media":3247,"comment_status":"open","ping_status":"open","sticky":false,"template":"","format":"standard","meta":{"footnotes":""},"categories":[7],"tags":[],"class_list":["post-3243","post","type-post","status-publish","format-standard","has-post-thumbnail","hentry","category-cultura"],"_links":{"self":[{"href":"https:\/\/victoria.gob.ar\/prensa\/wp-json\/wp\/v2\/posts\/3243","targetHints":{"allow":["GET"]}}],"collection":[{"href":"https:\/\/victoria.gob.ar\/prensa\/wp-json\/wp\/v2\/posts"}],"about":[{"href":"https:\/\/victoria.gob.ar\/prensa\/wp-json\/wp\/v2\/types\/post"}],"author":[{"embeddable":true,"href":"https:\/\/victoria.gob.ar\/prensa\/wp-json\/wp\/v2\/users\/1"}],"replies":[{"embeddable":true,"href":"https:\/\/victoria.gob.ar\/prensa\/wp-json\/wp\/v2\/comments?post=3243"}],"version-history":[{"count":1,"href":"https:\/\/victoria.gob.ar\/prensa\/wp-json\/wp\/v2\/posts\/3243\/revisions"}],"predecessor-version":[{"id":3248,"href":"https:\/\/victoria.gob.ar\/prensa\/wp-json\/wp\/v2\/posts\/3243\/revisions\/3248"}],"wp:featuredmedia":[{"embeddable":true,"href":"https:\/\/victoria.gob.ar\/prensa\/wp-json\/wp\/v2\/media\/3247"}],"wp:attachment":[{"href":"https:\/\/victoria.gob.ar\/prensa\/wp-json\/wp\/v2\/media?parent=3243"}],"wp:term":[{"taxonomy":"category","embeddable":true,"href":"https:\/\/victoria.gob.ar\/prensa\/wp-json\/wp\/v2\/categories?post=3243"},{"taxonomy":"post_tag","embeddable":true,"href":"https:\/\/victoria.gob.ar\/prensa\/wp-json\/wp\/v2\/tags?post=3243"}],"curies":[{"name":"wp","href":"https:\/\/api.w.org\/{rel}","templated":true}]}}