{"id":3232,"date":"2026-09-03T22:53:43","date_gmt":"2026-09-03T22:53:43","guid":{"rendered":"https:\/\/victoria.gob.ar\/prensa\/?p=3232"},"modified":"2026-09-03T22:53:44","modified_gmt":"2026-09-03T22:53:44","slug":"lo-que-tenes-que-saber-sobre-la-recoleccion-diferenciada-de-residuos","status":"publish","type":"post","link":"https:\/\/victoria.gob.ar\/prensa\/lo-que-tenes-que-saber-sobre-la-recoleccion-diferenciada-de-residuos\/","title":{"rendered":"Lo que ten\u00e9s que saber sobre la recolecci\u00f3n diferenciada de residuos"},"content":{"rendered":"\n<p class=\"wp-block-paragraph\">La Municipalidad de Victoria pone en marcha un proceso de recolecci\u00f3n diferenciada de residuos, una iniciativa que busca avanzar de manera progresiva en la separaci\u00f3n de los residuos desde los hogares.<\/p>\n\n\n\n<p class=\"wp-block-paragraph\">En esta primera etapa, la recolecci\u00f3n se realiza con las herramientas actualmente disponibles y tiene como principal objetivo promover la incorporaci\u00f3n de nuevos h\u00e1bitos en las familias, mediante la separaci\u00f3n de los residuos en origen.<\/p>\n\n\n\n<p class=\"wp-block-paragraph\">Los vecinos deben clasificar los residuos en dos categor\u00edas: secos y limpios y h\u00famedos y org\u00e1nicos.<\/p>\n\n\n\n<p class=\"wp-block-paragraph\">Los residuos secos y limpios deben sacarse los lunes, mi\u00e9rcoles y viernes. En este grupo se incluyen papeles, cartones, pl\u00e1sticos, vidrios, metales y otros materiales asimilables, siempre que se encuentren limpios y secos.<\/p>\n\n\n\n<p class=\"wp-block-paragraph\">Por su parte, los residuos h\u00famedos y org\u00e1nicos deben sacarse los martes, jueves y s\u00e1bados. All\u00ed se incluyen los restos org\u00e1nicos y aquellos residuos que se encuentren contaminados, como papeles usados, pa\u00f1ales, servilletas y residuos con restos de grasas o aceites.<\/p>\n\n\n\n<p class=\"wp-block-paragraph\">Durante esta primera etapa, los residuos deben disponerse para su recolecci\u00f3n en los d\u00edas correspondientes y en los horarios habituales.<\/p>\n\n\n\n<p class=\"wp-block-paragraph\">Asimismo, los contenedores ubicados en distintos sectores de la ciudad ser\u00e1n retirados paulatinamente. En los barrios donde permanezcan, se establecer\u00e1n dos contenedores: uno destinado a residuos h\u00famedos y otro a residuos secos.<\/p>\n\n\n\n<p class=\"wp-block-paragraph\">Hasta que este proceso se complete, se solicita a los vecinos sacar los residuos \u00fanicamente en los d\u00edas que correspondan seg\u00fan su clasificaci\u00f3n.<\/p>\n\n\n\n<p class=\"wp-block-paragraph\">Por otra parte, cada edificio y emprendimiento gastron\u00f3mico o comercial deber\u00e1 contar con contenedores propios dentro de su espacio, debiendo disponer los residuos para su recolecci\u00f3n en los d\u00edas y horarios establecidos.<\/p>\n\n\n\n<p class=\"wp-block-paragraph\">La puesta en marcha de la recolecci\u00f3n diferenciada constituye un primer paso hacia una gesti\u00f3n m\u00e1s responsable de los residuos y requiere del acompa\u00f1amiento y compromiso de toda la comunidad. La separaci\u00f3n comienza en cada hogar y cada acci\u00f3n contribuye a construir una ciudad m\u00e1s limpia y sustentable.<\/p>\n\n\n\n<figure class=\"wp-block-gallery has-nested-images columns-default is-cropped wp-block-gallery-1 is-layout-flex wp-block-gallery-is-layout-flex\">\n<figure class=\"wp-block-image size-large\"><img fetchpriority=\"high\" decoding=\"async\" width=\"819\" height=\"1024\" data-id=\"3234\" src=\"https:\/\/victoria.gob.ar\/prensa\/wp-content\/uploads\/2026\/09\/9-819x1024.jpeg\" alt=\"\" class=\"wp-image-3234\" srcset=\"https:\/\/victoria.gob.ar\/prensa\/wp-content\/uploads\/2026\/09\/9-819x1024.jpeg 819w, https:\/\/victoria.gob.ar\/prensa\/wp-content\/uploads\/2026\/09\/9-240x300.jpeg 240w, https:\/\/victoria.gob.ar\/prensa\/wp-content\/uploads\/2026\/09\/9-768x960.jpeg 768w, https:\/\/victoria.gob.ar\/prensa\/wp-content\/uploads\/2026\/09\/9.jpeg 1080w\" sizes=\"(max-width: 819px) 100vw, 819px\" \/><\/figure>\n\n\n\n<figure class=\"wp-block-image size-large\"><img decoding=\"async\" width=\"819\" height=\"1024\" data-id=\"3238\" src=\"https:\/\/victoria.gob.ar\/prensa\/wp-content\/uploads\/2026\/09\/8-819x1024.jpeg\" alt=\"\" class=\"wp-image-3238\" srcset=\"https:\/\/victoria.gob.ar\/prensa\/wp-content\/uploads\/2026\/09\/8-819x1024.jpeg 819w, https:\/\/victoria.gob.ar\/prensa\/wp-content\/uploads\/2026\/09\/8-768x960.jpeg 768w, https:\/\/victoria.gob.ar\/prensa\/wp-content\/uploads\/2026\/09\/8-240x300.jpeg 240w, https:\/\/victoria.gob.ar\/prensa\/wp-content\/uploads\/2026\/09\/8.jpeg 1080w\" sizes=\"(max-width: 819px) 100vw, 819px\" \/><\/figure>\n\n\n\n<figure class=\"wp-block-image size-large\"><img decoding=\"async\" width=\"819\" height=\"1024\" data-id=\"3237\" src=\"https:\/\/victoria.gob.ar\/prensa\/wp-content\/uploads\/2026\/09\/7-819x1024.jpeg\" alt=\"\" class=\"wp-image-3237\" srcset=\"https:\/\/victoria.gob.ar\/prensa\/wp-content\/uploads\/2026\/09\/7-819x1024.jpeg 819w, https:\/\/victoria.gob.ar\/prensa\/wp-content\/uploads\/2026\/09\/7-240x300.jpeg 240w, https:\/\/victoria.gob.ar\/prensa\/wp-content\/uploads\/2026\/09\/7-768x960.jpeg 768w, https:\/\/victoria.gob.ar\/prensa\/wp-content\/uploads\/2026\/09\/7.jpeg 1080w\" sizes=\"(max-width: 819px) 100vw, 819px\" \/><\/figure>\n\n\n\n<figure class=\"wp-block-image size-large\"><img loading=\"lazy\" decoding=\"async\" width=\"819\" height=\"1024\" data-id=\"3236\" src=\"https:\/\/victoria.gob.ar\/prensa\/wp-content\/uploads\/2026\/09\/6-819x1024.jpeg\" alt=\"\" class=\"wp-image-3236\" srcset=\"https:\/\/victoria.gob.ar\/prensa\/wp-content\/uploads\/2026\/09\/6-819x1024.jpeg 819w, https:\/\/victoria.gob.ar\/prensa\/wp-content\/uploads\/2026\/09\/6-240x300.jpeg 240w, https:\/\/victoria.gob.ar\/prensa\/wp-content\/uploads\/2026\/09\/6-768x960.jpeg 768w, https:\/\/victoria.gob.ar\/prensa\/wp-content\/uploads\/2026\/09\/6.jpeg 1080w\" sizes=\"(max-width: 819px) 100vw, 819px\" \/><\/figure>\n\n\n\n<figure class=\"wp-block-image size-large\"><img loading=\"lazy\" decoding=\"async\" width=\"1080\" height=\"1350\" data-id=\"3235\" src=\"https:\/\/victoria.gob.ar\/prensa\/wp-content\/uploads\/2026\/09\/4-819x1024.jpeg\" alt=\"\" class=\"wp-image-3235\" srcset=\"https:\/\/victoria.gob.ar\/prensa\/wp-content\/uploads\/2026\/09\/4-819x1024.jpeg 819w, https:\/\/victoria.gob.ar\/prensa\/wp-content\/uploads\/2026\/09\/4-240x300.jpeg 240w, https:\/\/victoria.gob.ar\/prensa\/wp-content\/uploads\/2026\/09\/4-768x960.jpeg 768w, https:\/\/victoria.gob.ar\/prensa\/wp-content\/uploads\/2026\/09\/4.jpeg 1080w\" sizes=\"(max-width: 1080px) 100vw, 1080px\" \/><\/figure>\n\n\n\n<figure class=\"wp-block-image size-large\"><img loading=\"lazy\" decoding=\"async\" width=\"819\" height=\"1024\" data-id=\"3239\" src=\"https:\/\/victoria.gob.ar\/prensa\/wp-content\/uploads\/2026\/09\/3-819x1024.jpeg\" alt=\"\" class=\"wp-image-3239\" srcset=\"https:\/\/victoria.gob.ar\/prensa\/wp-content\/uploads\/2026\/09\/3-819x1024.jpeg 819w, https:\/\/victoria.gob.ar\/prensa\/wp-content\/uploads\/2026\/09\/3-240x300.jpeg 240w, https:\/\/victoria.gob.ar\/prensa\/wp-content\/uploads\/2026\/09\/3-768x960.jpeg 768w, https:\/\/victoria.gob.ar\/prensa\/wp-content\/uploads\/2026\/09\/3.jpeg 1080w\" sizes=\"(max-width: 819px) 100vw, 819px\" \/><\/figure>\n\n\n\n<figure class=\"wp-block-image size-large\"><img loading=\"lazy\" decoding=\"async\" width=\"819\" height=\"1024\" data-id=\"3240\" src=\"https:\/\/victoria.gob.ar\/prensa\/wp-content\/uploads\/2026\/09\/2-819x1024.jpeg\" alt=\"\" class=\"wp-image-3240\" srcset=\"https:\/\/victoria.gob.ar\/prensa\/wp-content\/uploads\/2026\/09\/2-819x1024.jpeg 819w, https:\/\/victoria.gob.ar\/prensa\/wp-content\/uploads\/2026\/09\/2-240x300.jpeg 240w, https:\/\/victoria.gob.ar\/prensa\/wp-content\/uploads\/2026\/09\/2-768x960.jpeg 768w, https:\/\/victoria.gob.ar\/prensa\/wp-content\/uploads\/2026\/09\/2.jpeg 1080w\" sizes=\"(max-width: 819px) 100vw, 819px\" \/><\/figure>\n\n\n\n<figure class=\"wp-block-image size-large\"><img loading=\"lazy\" decoding=\"async\" width=\"819\" height=\"1024\" data-id=\"3241\" src=\"https:\/\/victoria.gob.ar\/prensa\/wp-content\/uploads\/2026\/09\/1-1-819x1024.jpeg\" alt=\"\" class=\"wp-image-3241\" srcset=\"https:\/\/victoria.gob.ar\/prensa\/wp-content\/uploads\/2026\/09\/1-1-819x1024.jpeg 819w, https:\/\/victoria.gob.ar\/prensa\/wp-content\/uploads\/2026\/09\/1-1-768x960.jpeg 768w, https:\/\/victoria.gob.ar\/prensa\/wp-content\/uploads\/2026\/09\/1-1-240x300.jpeg 240w, https:\/\/victoria.gob.ar\/prensa\/wp-content\/uploads\/2026\/09\/1-1.jpeg 1080w\" sizes=\"(max-width: 819px) 100vw, 819px\" \/><\/figure>\n<\/figure>\n","protected":false},"excerpt":{"rendered":"<p>La Municipalidad de Victoria pone en marcha un proceso de recolecci\u00f3n diferenciada de residuos, una iniciativa que busca avanzar de manera progresiva en la separaci\u00f3n de los residuos desde los&hellip; <\/p>\n","protected":false},"author":1,"featured_media":3233,"comment_status":"open","ping_status":"open","sticky":false,"template":"","format":"standard","meta":{"footnotes":""},"categories":[9],"tags":[],"class_list":["post-3232","post","type-post","status-publish","format-standard","has-post-thumbnail","hentry","category-gestion"],"_links":{"self":[{"href":"https:\/\/victoria.gob.ar\/prensa\/wp-json\/wp\/v2\/posts\/3232","targetHints":{"allow":["GET"]}}],"collection":[{"href":"https:\/\/victoria.gob.ar\/prensa\/wp-json\/wp\/v2\/posts"}],"about":[{"href":"https:\/\/victoria.gob.ar\/prensa\/wp-json\/wp\/v2\/types\/post"}],"author":[{"embeddable":true,"href":"https:\/\/victoria.gob.ar\/prensa\/wp-json\/wp\/v2\/users\/1"}],"replies":[{"embeddable":true,"href":"https:\/\/victoria.gob.ar\/prensa\/wp-json\/wp\/v2\/comments?post=3232"}],"version-history":[{"count":1,"href":"https:\/\/victoria.gob.ar\/prensa\/wp-json\/wp\/v2\/posts\/3232\/revisions"}],"predecessor-version":[{"id":3242,"href":"https:\/\/victoria.gob.ar\/prensa\/wp-json\/wp\/v2\/posts\/3232\/revisions\/3242"}],"wp:featuredmedia":[{"embeddable":true,"href":"https:\/\/victoria.gob.ar\/prensa\/wp-json\/wp\/v2\/media\/3233"}],"wp:attachment":[{"href":"https:\/\/victoria.gob.ar\/prensa\/wp-json\/wp\/v2\/media?parent=3232"}],"wp:term":[{"taxonomy":"category","embeddable":true,"href":"https:\/\/victoria.gob.ar\/prensa\/wp-json\/wp\/v2\/categories?post=3232"},{"taxonomy":"post_tag","embeddable":true,"href":"https:\/\/victoria.gob.ar\/prensa\/wp-json\/wp\/v2\/tags?post=3232"}],"curies":[{"name":"wp","href":"https:\/\/api.w.org\/{rel}","templated":true}]}}