{"id":2925,"date":"2026-05-01T20:58:48","date_gmt":"2026-05-01T20:58:48","guid":{"rendered":"https:\/\/victoria.gob.ar\/prensa\/?p=2925"},"modified":"2026-05-01T20:58:49","modified_gmt":"2026-05-01T20:58:49","slug":"acto-en-conmemoracion-por-el-dia-del-trabajador","status":"publish","type":"post","link":"https:\/\/victoria.gob.ar\/prensa\/acto-en-conmemoracion-por-el-dia-del-trabajador\/","title":{"rendered":"ACTO EN CONMEMORACI\u00d3N POR EL D\u00cdA DEL TRABAJADOR"},"content":{"rendered":"\n<p>La intendente, Isa Castagnino, encabez\u00f3 el acto en conmemoraci\u00f3n por el D\u00eda del Trabajador, realizado en el Monumento al Trabajador de la Cal. Estuvo acompa\u00f1ada por la diputada provincial Laura Stratta, el senador provincial V\u00edctor Sanzberro, autoridades municipales, jefes de Fuerzas de Seguridad, integrantes de la comunidad educativa y vecinos.<\/p>\n\n\n\n<p>La invocaci\u00f3n religiosa y bendici\u00f3n estuvo a cargo del padre El\u00edas Musse, quien record\u00f3 la lucha hist\u00f3rica de los trabajadores en 1886 por la jornada de ocho horas de trabajo, ocho de descanso y ocho para la vida. En ese marco, se\u00f1al\u00f3 que en la actualidad estamos transitando una situaci\u00f3n regresiva y estamos volviendo a antes de 1886. En este sentido, dej\u00f3 tres reflexiones centrales: que lo m\u00e1s importante del trabajo es la persona que lo realiza, que todo trabajador es hijo de Dios y no un instrumento de lucro, y que valorar a las personas es garant\u00eda de justicia y paz.<\/p>\n\n\n\n<p>A su vez, el trabajador municipal Luis Giglioni brind\u00f3 palabras alusivas a la fecha en las que destac\u00f3 el esfuerzo cotidiano de quienes contribuyen al bienestar de la comunidad. Asimismo, dese\u00f3 a que este 1\u00b0 de mayo nos encuentre unidos en el reconocimiento del valor del trabajo, en la defensa de la dignidad laboral y en la construcci\u00f3n de un futuro m\u00e1s justo para todos.<\/p>\n\n\n\n<p>Durante el acto, los concejales presentes hicieron entrega de un reconocimiento a los trabajadores municipales que se desempe\u00f1an como personal de tr\u00e1nsito en la Secci\u00f3n Seguridad Vial.<\/p>\n\n\n\n<figure class=\"wp-block-gallery has-nested-images columns-default is-cropped wp-block-gallery-1 is-layout-flex wp-block-gallery-is-layout-flex\">\n<figure class=\"wp-block-image size-large\"><img fetchpriority=\"high\" decoding=\"async\" width=\"1024\" height=\"576\" data-id=\"2926\" src=\"https:\/\/victoria.gob.ar\/prensa\/wp-content\/uploads\/2026\/05\/507353-1024x576.jpg\" alt=\"\" class=\"wp-image-2926\" srcset=\"https:\/\/victoria.gob.ar\/prensa\/wp-content\/uploads\/2026\/05\/507353-1024x576.jpg 1024w, https:\/\/victoria.gob.ar\/prensa\/wp-content\/uploads\/2026\/05\/507353-300x169.jpg 300w, https:\/\/victoria.gob.ar\/prensa\/wp-content\/uploads\/2026\/05\/507353-768x432.jpg 768w, https:\/\/victoria.gob.ar\/prensa\/wp-content\/uploads\/2026\/05\/507353-1536x864.jpg 1536w, https:\/\/victoria.gob.ar\/prensa\/wp-content\/uploads\/2026\/05\/507353-2048x1152.jpg 2048w\" sizes=\"(max-width: 1024px) 100vw, 1024px\" \/><\/figure>\n\n\n\n<figure class=\"wp-block-image size-large\"><img decoding=\"async\" width=\"1024\" height=\"576\" data-id=\"2927\" src=\"https:\/\/victoria.gob.ar\/prensa\/wp-content\/uploads\/2026\/05\/507352-1024x576.jpg\" alt=\"\" class=\"wp-image-2927\" srcset=\"https:\/\/victoria.gob.ar\/prensa\/wp-content\/uploads\/2026\/05\/507352-1024x576.jpg 1024w, https:\/\/victoria.gob.ar\/prensa\/wp-content\/uploads\/2026\/05\/507352-300x169.jpg 300w, https:\/\/victoria.gob.ar\/prensa\/wp-content\/uploads\/2026\/05\/507352-768x432.jpg 768w, https:\/\/victoria.gob.ar\/prensa\/wp-content\/uploads\/2026\/05\/507352-1536x864.jpg 1536w, https:\/\/victoria.gob.ar\/prensa\/wp-content\/uploads\/2026\/05\/507352-2048x1152.jpg 2048w\" sizes=\"(max-width: 1024px) 100vw, 1024px\" \/><\/figure>\n<\/figure>\n","protected":false},"excerpt":{"rendered":"<p>La intendente, Isa Castagnino, encabez\u00f3 el acto en conmemoraci\u00f3n por el D\u00eda del Trabajador, realizado en el Monumento al Trabajador de la Cal. Estuvo acompa\u00f1ada por la diputada provincial Laura&hellip; <\/p>\n","protected":false},"author":1,"featured_media":2928,"comment_status":"open","ping_status":"open","sticky":false,"template":"","format":"standard","meta":{"footnotes":""},"categories":[9],"tags":[],"class_list":["post-2925","post","type-post","status-publish","format-standard","has-post-thumbnail","hentry","category-gestion"],"_links":{"self":[{"href":"https:\/\/victoria.gob.ar\/prensa\/wp-json\/wp\/v2\/posts\/2925","targetHints":{"allow":["GET"]}}],"collection":[{"href":"https:\/\/victoria.gob.ar\/prensa\/wp-json\/wp\/v2\/posts"}],"about":[{"href":"https:\/\/victoria.gob.ar\/prensa\/wp-json\/wp\/v2\/types\/post"}],"author":[{"embeddable":true,"href":"https:\/\/victoria.gob.ar\/prensa\/wp-json\/wp\/v2\/users\/1"}],"replies":[{"embeddable":true,"href":"https:\/\/victoria.gob.ar\/prensa\/wp-json\/wp\/v2\/comments?post=2925"}],"version-history":[{"count":1,"href":"https:\/\/victoria.gob.ar\/prensa\/wp-json\/wp\/v2\/posts\/2925\/revisions"}],"predecessor-version":[{"id":2929,"href":"https:\/\/victoria.gob.ar\/prensa\/wp-json\/wp\/v2\/posts\/2925\/revisions\/2929"}],"wp:featuredmedia":[{"embeddable":true,"href":"https:\/\/victoria.gob.ar\/prensa\/wp-json\/wp\/v2\/media\/2928"}],"wp:attachment":[{"href":"https:\/\/victoria.gob.ar\/prensa\/wp-json\/wp\/v2\/media?parent=2925"}],"wp:term":[{"taxonomy":"category","embeddable":true,"href":"https:\/\/victoria.gob.ar\/prensa\/wp-json\/wp\/v2\/categories?post=2925"},{"taxonomy":"post_tag","embeddable":true,"href":"https:\/\/victoria.gob.ar\/prensa\/wp-json\/wp\/v2\/tags?post=2925"}],"curies":[{"name":"wp","href":"https:\/\/api.w.org\/{rel}","templated":true}]}}