{"id":2879,"date":"2026-04-07T23:47:22","date_gmt":"2026-04-07T23:47:22","guid":{"rendered":"https:\/\/victoria.gob.ar\/prensa\/?p=2879"},"modified":"2026-04-07T23:47:23","modified_gmt":"2026-04-07T23:47:23","slug":"enlace-vial-victoria-rosario-castagnino-firmo-un-convenio-de-colaboracion-con-la-empresa-concesionaria","status":"publish","type":"post","link":"https:\/\/victoria.gob.ar\/prensa\/enlace-vial-victoria-rosario-castagnino-firmo-un-convenio-de-colaboracion-con-la-empresa-concesionaria\/","title":{"rendered":"ENLACE VIAL VICTORIA-ROSARIO: CASTAGNINO FIRM\u00d3 UN CONVENIO DE COLABORACI\u00d3N CON LA EMPRESA CONCESIONARIA"},"content":{"rendered":"\n<p>La presidente municipal, Isa Castagnino, firm\u00f3 este martes 7 de abril un convenio de colaboraci\u00f3n con la empresa concesionaria Conexi\u00f3n Alto Delta S.A. El objetivo es optimizar recursos, fortalecer el mantenimiento de la trama vial urbana y mejorar la gesti\u00f3n de residuos provenientes de obras y tareas de conservaci\u00f3n del corredor vial.<\/p>\n\n\n\n<p>El acuerdo fue suscripto junto al gerente general de la concesionaria, Marcelo Kondratavicius. Establece un marco de trabajo conjunto entre la municipalidad y la empresa para aunar esfuerzos y aprovechar de manera eficiente los recursos disponibles de cada parte, todo ello en la medida de las posibilidades y sujeto a la disponibilidad de cada parte.<\/p>\n\n\n\n<p>Entre los principales compromisos asumidos, la municipalidad recibir\u00e1 en la Planta de Residuos y en otros espacios que determine la Secretar\u00eda de Planeamiento, los residuos inertes, reciclables y asimilables a Residuos S\u00f3lidos Urbanos provenientes de las obras en ejecuci\u00f3n y de las tareas de mantenimiento que realiza la concesionaria sobre el corredor vial. Esta acci\u00f3n se llevar\u00e1 adelante con la intervenci\u00f3n de la Direcci\u00f3n de Ambiente, que indicar\u00e1 la modalidad y los espacios correspondientes para su correcta disposici\u00f3n y tratamiento.&nbsp;<\/p>\n\n\n\n<p>Por su parte, la empresa concesionaria se comprometi\u00f3 a aportar equipos viales, como motoniveladora y retroexcavadora, por un total de 30 horas mensuales, o su equivalente en materiales y trabajos. Estos estar\u00e1n destinados al mantenimiento de calles urbanas y a otras tareas que sean requeridas por la Secretar\u00eda de Planeamiento.<\/p>\n\n\n\n<p>El convenio tendr\u00e1 una vigencia de un a\u00f1o a partir de su firma, con la posibilidad de que ambas partes realicen modificaciones de com\u00fan acuerdo o rescindan el mismo mediante notificaci\u00f3n fehaciente con 30 d\u00edas de anticipaci\u00f3n. Este acuerdo representa una herramienta concreta de articulaci\u00f3n p\u00fablico-privada para seguir mejorando los servicios, el estado de las calles y la sustentabilidad ambiental de la ciudad, consolidando una gesti\u00f3n eficiente de los recursos al servicio de los vecinos.<\/p>\n\n\n\n<figure class=\"wp-block-image size-full is-resized\"><img fetchpriority=\"high\" decoding=\"async\" width=\"757\" height=\"564\" src=\"https:\/\/victoria.gob.ar\/prensa\/wp-content\/uploads\/2026\/04\/image.png\" alt=\"\" class=\"wp-image-2880\" style=\"width:587px;height:auto\" srcset=\"https:\/\/victoria.gob.ar\/prensa\/wp-content\/uploads\/2026\/04\/image.png 757w, https:\/\/victoria.gob.ar\/prensa\/wp-content\/uploads\/2026\/04\/image-300x224.png 300w\" sizes=\"(max-width: 757px) 100vw, 757px\" \/><\/figure>\n","protected":false},"excerpt":{"rendered":"<p>La presidente municipal, Isa Castagnino, firm\u00f3 este martes 7 de abril un convenio de colaboraci\u00f3n con la empresa concesionaria Conexi\u00f3n Alto Delta S.A. El objetivo es optimizar recursos, fortalecer el&hellip; <\/p>\n","protected":false},"author":1,"featured_media":2880,"comment_status":"open","ping_status":"open","sticky":false,"template":"","format":"standard","meta":{"footnotes":""},"categories":[9],"tags":[],"class_list":["post-2879","post","type-post","status-publish","format-standard","has-post-thumbnail","hentry","category-gestion"],"_links":{"self":[{"href":"https:\/\/victoria.gob.ar\/prensa\/wp-json\/wp\/v2\/posts\/2879","targetHints":{"allow":["GET"]}}],"collection":[{"href":"https:\/\/victoria.gob.ar\/prensa\/wp-json\/wp\/v2\/posts"}],"about":[{"href":"https:\/\/victoria.gob.ar\/prensa\/wp-json\/wp\/v2\/types\/post"}],"author":[{"embeddable":true,"href":"https:\/\/victoria.gob.ar\/prensa\/wp-json\/wp\/v2\/users\/1"}],"replies":[{"embeddable":true,"href":"https:\/\/victoria.gob.ar\/prensa\/wp-json\/wp\/v2\/comments?post=2879"}],"version-history":[{"count":1,"href":"https:\/\/victoria.gob.ar\/prensa\/wp-json\/wp\/v2\/posts\/2879\/revisions"}],"predecessor-version":[{"id":2881,"href":"https:\/\/victoria.gob.ar\/prensa\/wp-json\/wp\/v2\/posts\/2879\/revisions\/2881"}],"wp:featuredmedia":[{"embeddable":true,"href":"https:\/\/victoria.gob.ar\/prensa\/wp-json\/wp\/v2\/media\/2880"}],"wp:attachment":[{"href":"https:\/\/victoria.gob.ar\/prensa\/wp-json\/wp\/v2\/media?parent=2879"}],"wp:term":[{"taxonomy":"category","embeddable":true,"href":"https:\/\/victoria.gob.ar\/prensa\/wp-json\/wp\/v2\/categories?post=2879"},{"taxonomy":"post_tag","embeddable":true,"href":"https:\/\/victoria.gob.ar\/prensa\/wp-json\/wp\/v2\/tags?post=2879"}],"curies":[{"name":"wp","href":"https:\/\/api.w.org\/{rel}","templated":true}]}}