{"id":2803,"date":"2026-03-21T15:57:33","date_gmt":"2026-03-21T15:57:33","guid":{"rendered":"https:\/\/victoria.gob.ar\/prensa\/?p=2803"},"modified":"2026-03-26T15:57:52","modified_gmt":"2026-03-26T15:57:52","slug":"soy-tu-mensaje-gratis-el-domingo-a-las-2000-h","status":"publish","type":"post","link":"https:\/\/victoria.gob.ar\/prensa\/soy-tu-mensaje-gratis-el-domingo-a-las-2000-h\/","title":{"rendered":"SOY TU MENSAJE GRATIS EL DOMINGO A LAS 20:00 H"},"content":{"rendered":"\n<p>Adem\u00e1s, el director de este thriller, Ricardo Mauricio Jacobo, estar\u00e1 presente para dialogar con el p\u00fablico en el Cine Teatro Victoria (Alem 64).<\/p>\n\n\n\n<figure class=\"wp-block-image size-large\"><img fetchpriority=\"high\" decoding=\"async\" width=\"819\" height=\"1024\" src=\"https:\/\/victoria.gob.ar\/prensa\/wp-content\/uploads\/2026\/03\/WhatsApp-Image-2026-03-21-at-23.11.41-819x1024.jpeg\" alt=\"\" class=\"wp-image-2804\" srcset=\"https:\/\/victoria.gob.ar\/prensa\/wp-content\/uploads\/2026\/03\/WhatsApp-Image-2026-03-21-at-23.11.41-819x1024.jpeg 819w, https:\/\/victoria.gob.ar\/prensa\/wp-content\/uploads\/2026\/03\/WhatsApp-Image-2026-03-21-at-23.11.41-240x300.jpeg 240w, https:\/\/victoria.gob.ar\/prensa\/wp-content\/uploads\/2026\/03\/WhatsApp-Image-2026-03-21-at-23.11.41-768x960.jpeg 768w, https:\/\/victoria.gob.ar\/prensa\/wp-content\/uploads\/2026\/03\/WhatsApp-Image-2026-03-21-at-23.11.41.jpeg 1080w\" sizes=\"(max-width: 819px) 100vw, 819px\" \/><\/figure>\n","protected":false},"excerpt":{"rendered":"<p>Adem\u00e1s, el director de este thriller, Ricardo Mauricio Jacobo, estar\u00e1 presente para dialogar con el p\u00fablico en el Cine Teatro Victoria (Alem 64).<\/p>\n","protected":false},"author":1,"featured_media":2804,"comment_status":"open","ping_status":"open","sticky":false,"template":"","format":"standard","meta":{"footnotes":""},"categories":[7],"tags":[],"class_list":["post-2803","post","type-post","status-publish","format-standard","has-post-thumbnail","hentry","category-cultura"],"_links":{"self":[{"href":"https:\/\/victoria.gob.ar\/prensa\/wp-json\/wp\/v2\/posts\/2803","targetHints":{"allow":["GET"]}}],"collection":[{"href":"https:\/\/victoria.gob.ar\/prensa\/wp-json\/wp\/v2\/posts"}],"about":[{"href":"https:\/\/victoria.gob.ar\/prensa\/wp-json\/wp\/v2\/types\/post"}],"author":[{"embeddable":true,"href":"https:\/\/victoria.gob.ar\/prensa\/wp-json\/wp\/v2\/users\/1"}],"replies":[{"embeddable":true,"href":"https:\/\/victoria.gob.ar\/prensa\/wp-json\/wp\/v2\/comments?post=2803"}],"version-history":[{"count":1,"href":"https:\/\/victoria.gob.ar\/prensa\/wp-json\/wp\/v2\/posts\/2803\/revisions"}],"predecessor-version":[{"id":2805,"href":"https:\/\/victoria.gob.ar\/prensa\/wp-json\/wp\/v2\/posts\/2803\/revisions\/2805"}],"wp:featuredmedia":[{"embeddable":true,"href":"https:\/\/victoria.gob.ar\/prensa\/wp-json\/wp\/v2\/media\/2804"}],"wp:attachment":[{"href":"https:\/\/victoria.gob.ar\/prensa\/wp-json\/wp\/v2\/media?parent=2803"}],"wp:term":[{"taxonomy":"category","embeddable":true,"href":"https:\/\/victoria.gob.ar\/prensa\/wp-json\/wp\/v2\/categories?post=2803"},{"taxonomy":"post_tag","embeddable":true,"href":"https:\/\/victoria.gob.ar\/prensa\/wp-json\/wp\/v2\/tags?post=2803"}],"curies":[{"name":"wp","href":"https:\/\/api.w.org\/{rel}","templated":true}]}}