{"id":2792,"date":"2026-03-21T15:55:35","date_gmt":"2026-03-21T15:55:35","guid":{"rendered":"https:\/\/victoria.gob.ar\/prensa\/?p=2792"},"modified":"2026-03-26T15:55:59","modified_gmt":"2026-03-26T15:55:59","slug":"21-de-marzo-dia-mundial-del-sindrome-de-down","status":"publish","type":"post","link":"https:\/\/victoria.gob.ar\/prensa\/21-de-marzo-dia-mundial-del-sindrome-de-down\/","title":{"rendered":"21 DE MARZO: D\u00cdA MUNDIAL DEL S\u00cdNDROME DE DOWN"},"content":{"rendered":"\n<p>Un d\u00eda para valorizar la diversidad, promover la inclusi\u00f3n y reflexionar sobre el rol de cada persona en la construcci\u00f3n de una sociedad m\u00e1s equitativa<\/p>\n\n\n\n<p>\ud83e\udec2 Juntos contra la soledad.<\/p>\n\n\n\n<p><\/p>\n","protected":false},"excerpt":{"rendered":"<p>Un d\u00eda para valorizar la diversidad, promover la inclusi\u00f3n y reflexionar sobre el rol de cada persona en la construcci\u00f3n de una sociedad m\u00e1s equitativa \ud83e\udec2 Juntos contra la soledad.<\/p>\n","protected":false},"author":1,"featured_media":2793,"comment_status":"open","ping_status":"open","sticky":false,"template":"","format":"standard","meta":{"footnotes":""},"categories":[15],"tags":[],"class_list":["post-2792","post","type-post","status-publish","format-standard","has-post-thumbnail","hentry","category-diversidad"],"_links":{"self":[{"href":"https:\/\/victoria.gob.ar\/prensa\/wp-json\/wp\/v2\/posts\/2792","targetHints":{"allow":["GET"]}}],"collection":[{"href":"https:\/\/victoria.gob.ar\/prensa\/wp-json\/wp\/v2\/posts"}],"about":[{"href":"https:\/\/victoria.gob.ar\/prensa\/wp-json\/wp\/v2\/types\/post"}],"author":[{"embeddable":true,"href":"https:\/\/victoria.gob.ar\/prensa\/wp-json\/wp\/v2\/users\/1"}],"replies":[{"embeddable":true,"href":"https:\/\/victoria.gob.ar\/prensa\/wp-json\/wp\/v2\/comments?post=2792"}],"version-history":[{"count":1,"href":"https:\/\/victoria.gob.ar\/prensa\/wp-json\/wp\/v2\/posts\/2792\/revisions"}],"predecessor-version":[{"id":2794,"href":"https:\/\/victoria.gob.ar\/prensa\/wp-json\/wp\/v2\/posts\/2792\/revisions\/2794"}],"wp:featuredmedia":[{"embeddable":true,"href":"https:\/\/victoria.gob.ar\/prensa\/wp-json\/wp\/v2\/media\/2793"}],"wp:attachment":[{"href":"https:\/\/victoria.gob.ar\/prensa\/wp-json\/wp\/v2\/media?parent=2792"}],"wp:term":[{"taxonomy":"category","embeddable":true,"href":"https:\/\/victoria.gob.ar\/prensa\/wp-json\/wp\/v2\/categories?post=2792"},{"taxonomy":"post_tag","embeddable":true,"href":"https:\/\/victoria.gob.ar\/prensa\/wp-json\/wp\/v2\/tags?post=2792"}],"curies":[{"name":"wp","href":"https:\/\/api.w.org\/{rel}","templated":true}]}}