{"id":2789,"date":"2026-03-20T15:54:59","date_gmt":"2026-03-20T15:54:59","guid":{"rendered":"https:\/\/victoria.gob.ar\/prensa\/?p=2789"},"modified":"2026-03-26T15:55:23","modified_gmt":"2026-03-26T15:55:23","slug":"jornada-de-intervencion-de-panuelos-blancos-2","status":"publish","type":"post","link":"https:\/\/victoria.gob.ar\/prensa\/jornada-de-intervencion-de-panuelos-blancos-2\/","title":{"rendered":"JORNADA DE INTERVENCI\u00d3N DE PA\u00d1UELOS BLANCOS"},"content":{"rendered":"\n<p>Hoy, la Municipalidad de Victoria, a trav\u00e9s del \u00c1rea de Juventud, realiz\u00f3 en el SUM del Cine Teatro Victoria una actividad de intervenci\u00f3n de pa\u00f1uelos blancos. La actividad cont\u00f3 con bordado a cargo de Nancy Santa Cruz, y se gener\u00f3 un espacio colectivo de creaci\u00f3n y memoria.<\/p>\n\n\n\n<p><\/p>\n","protected":false},"excerpt":{"rendered":"<p>Hoy, la Municipalidad de Victoria, a trav\u00e9s del \u00c1rea de Juventud, realiz\u00f3 en el SUM del Cine Teatro Victoria una actividad de intervenci\u00f3n de pa\u00f1uelos blancos. La actividad cont\u00f3 con&hellip; <\/p>\n","protected":false},"author":1,"featured_media":2790,"comment_status":"open","ping_status":"open","sticky":false,"template":"","format":"standard","meta":{"footnotes":""},"categories":[7],"tags":[],"class_list":["post-2789","post","type-post","status-publish","format-standard","has-post-thumbnail","hentry","category-cultura"],"_links":{"self":[{"href":"https:\/\/victoria.gob.ar\/prensa\/wp-json\/wp\/v2\/posts\/2789","targetHints":{"allow":["GET"]}}],"collection":[{"href":"https:\/\/victoria.gob.ar\/prensa\/wp-json\/wp\/v2\/posts"}],"about":[{"href":"https:\/\/victoria.gob.ar\/prensa\/wp-json\/wp\/v2\/types\/post"}],"author":[{"embeddable":true,"href":"https:\/\/victoria.gob.ar\/prensa\/wp-json\/wp\/v2\/users\/1"}],"replies":[{"embeddable":true,"href":"https:\/\/victoria.gob.ar\/prensa\/wp-json\/wp\/v2\/comments?post=2789"}],"version-history":[{"count":1,"href":"https:\/\/victoria.gob.ar\/prensa\/wp-json\/wp\/v2\/posts\/2789\/revisions"}],"predecessor-version":[{"id":2791,"href":"https:\/\/victoria.gob.ar\/prensa\/wp-json\/wp\/v2\/posts\/2789\/revisions\/2791"}],"wp:featuredmedia":[{"embeddable":true,"href":"https:\/\/victoria.gob.ar\/prensa\/wp-json\/wp\/v2\/media\/2790"}],"wp:attachment":[{"href":"https:\/\/victoria.gob.ar\/prensa\/wp-json\/wp\/v2\/media?parent=2789"}],"wp:term":[{"taxonomy":"category","embeddable":true,"href":"https:\/\/victoria.gob.ar\/prensa\/wp-json\/wp\/v2\/categories?post=2789"},{"taxonomy":"post_tag","embeddable":true,"href":"https:\/\/victoria.gob.ar\/prensa\/wp-json\/wp\/v2\/tags?post=2789"}],"curies":[{"name":"wp","href":"https:\/\/api.w.org\/{rel}","templated":true}]}}