{"id":2781,"date":"2026-03-20T15:53:42","date_gmt":"2026-03-20T15:53:42","guid":{"rendered":"https:\/\/victoria.gob.ar\/prensa\/?p=2781"},"modified":"2026-03-26T15:54:12","modified_gmt":"2026-03-26T15:54:12","slug":"mas-arboles-en-tu-barrio-%f0%9f%8c%b3","status":"publish","type":"post","link":"https:\/\/victoria.gob.ar\/prensa\/mas-arboles-en-tu-barrio-%f0%9f%8c%b3\/","title":{"rendered":"M\u00c1S \u00c1RBOLES EN TU BARRIO \ud83c\udf33"},"content":{"rendered":"\n<p>Junto a vecinos del Barrio Don Gregorio, la Municipalidad de Victoria llev\u00f3 adelante una jornada de plantaci\u00f3n de 17 jazmines magnos, producidos por la propia municipalidad. La actividad se realiz\u00f3 en el marco de una iniciativa de la Direcci\u00f3n de Planeamiento que busca arbolar los barrios para as\u00ed generar m\u00e1s sombra y bienestar para toda la comunidad. Cont\u00f3 con el acompa\u00f1amiento de la intendente y de la directora de Planeamiento, y tuvo algo muy especial: \u00a1Cada vecino plant\u00f3 su propio \u00e1rbol en la vereda de su casa!<\/p>\n\n\n\n<figure class=\"wp-block-gallery has-nested-images columns-default is-cropped wp-block-gallery-1 is-layout-flex wp-block-gallery-is-layout-flex\">\n<figure class=\"wp-block-image size-large\"><img fetchpriority=\"high\" decoding=\"async\" width=\"688\" height=\"1024\" data-id=\"2783\" src=\"https:\/\/victoria.gob.ar\/prensa\/wp-content\/uploads\/2026\/03\/WhatsApp-Image-2026-03-20-at-17.36.48-1-688x1024.jpeg\" alt=\"\" class=\"wp-image-2783\" srcset=\"https:\/\/victoria.gob.ar\/prensa\/wp-content\/uploads\/2026\/03\/WhatsApp-Image-2026-03-20-at-17.36.48-1-688x1024.jpeg 688w, https:\/\/victoria.gob.ar\/prensa\/wp-content\/uploads\/2026\/03\/WhatsApp-Image-2026-03-20-at-17.36.48-1-202x300.jpeg 202w, https:\/\/victoria.gob.ar\/prensa\/wp-content\/uploads\/2026\/03\/WhatsApp-Image-2026-03-20-at-17.36.48-1.jpeg 733w\" sizes=\"(max-width: 688px) 100vw, 688px\" \/><\/figure>\n\n\n\n<figure class=\"wp-block-image size-large\"><img decoding=\"async\" width=\"771\" height=\"1024\" data-id=\"2784\" src=\"https:\/\/victoria.gob.ar\/prensa\/wp-content\/uploads\/2026\/03\/WhatsApp-Image-2026-03-20-at-17.36.48-771x1024.jpeg\" alt=\"\" class=\"wp-image-2784\" srcset=\"https:\/\/victoria.gob.ar\/prensa\/wp-content\/uploads\/2026\/03\/WhatsApp-Image-2026-03-20-at-17.36.48-771x1024.jpeg 771w, https:\/\/victoria.gob.ar\/prensa\/wp-content\/uploads\/2026\/03\/WhatsApp-Image-2026-03-20-at-17.36.48-226x300.jpeg 226w, https:\/\/victoria.gob.ar\/prensa\/wp-content\/uploads\/2026\/03\/WhatsApp-Image-2026-03-20-at-17.36.48-768x1021.jpeg 768w, https:\/\/victoria.gob.ar\/prensa\/wp-content\/uploads\/2026\/03\/WhatsApp-Image-2026-03-20-at-17.36.48-1156x1536.jpeg 1156w, https:\/\/victoria.gob.ar\/prensa\/wp-content\/uploads\/2026\/03\/WhatsApp-Image-2026-03-20-at-17.36.48.jpeg 1204w\" sizes=\"(max-width: 771px) 100vw, 771px\" \/><\/figure>\n\n\n\n<figure class=\"wp-block-image size-large\"><img decoding=\"async\" width=\"781\" height=\"996\" data-id=\"2782\" src=\"https:\/\/victoria.gob.ar\/prensa\/wp-content\/uploads\/2026\/03\/WhatsApp-Image-2026-03-20-at-17.36.47.jpeg\" alt=\"\" class=\"wp-image-2782\" srcset=\"https:\/\/victoria.gob.ar\/prensa\/wp-content\/uploads\/2026\/03\/WhatsApp-Image-2026-03-20-at-17.36.47.jpeg 781w, https:\/\/victoria.gob.ar\/prensa\/wp-content\/uploads\/2026\/03\/WhatsApp-Image-2026-03-20-at-17.36.47-235x300.jpeg 235w, https:\/\/victoria.gob.ar\/prensa\/wp-content\/uploads\/2026\/03\/WhatsApp-Image-2026-03-20-at-17.36.47-768x979.jpeg 768w\" sizes=\"(max-width: 781px) 100vw, 781px\" \/><\/figure>\n<\/figure>\n","protected":false},"excerpt":{"rendered":"<p>Junto a vecinos del Barrio Don Gregorio, la Municipalidad de Victoria llev\u00f3 adelante una jornada de plantaci\u00f3n de 17 jazmines magnos, producidos por la propia municipalidad. La actividad se realiz\u00f3&hellip; <\/p>\n","protected":false},"author":1,"featured_media":2782,"comment_status":"open","ping_status":"open","sticky":false,"template":"","format":"standard","meta":{"footnotes":""},"categories":[9],"tags":[],"class_list":["post-2781","post","type-post","status-publish","format-standard","has-post-thumbnail","hentry","category-gestion"],"_links":{"self":[{"href":"https:\/\/victoria.gob.ar\/prensa\/wp-json\/wp\/v2\/posts\/2781","targetHints":{"allow":["GET"]}}],"collection":[{"href":"https:\/\/victoria.gob.ar\/prensa\/wp-json\/wp\/v2\/posts"}],"about":[{"href":"https:\/\/victoria.gob.ar\/prensa\/wp-json\/wp\/v2\/types\/post"}],"author":[{"embeddable":true,"href":"https:\/\/victoria.gob.ar\/prensa\/wp-json\/wp\/v2\/users\/1"}],"replies":[{"embeddable":true,"href":"https:\/\/victoria.gob.ar\/prensa\/wp-json\/wp\/v2\/comments?post=2781"}],"version-history":[{"count":1,"href":"https:\/\/victoria.gob.ar\/prensa\/wp-json\/wp\/v2\/posts\/2781\/revisions"}],"predecessor-version":[{"id":2785,"href":"https:\/\/victoria.gob.ar\/prensa\/wp-json\/wp\/v2\/posts\/2781\/revisions\/2785"}],"wp:featuredmedia":[{"embeddable":true,"href":"https:\/\/victoria.gob.ar\/prensa\/wp-json\/wp\/v2\/media\/2782"}],"wp:attachment":[{"href":"https:\/\/victoria.gob.ar\/prensa\/wp-json\/wp\/v2\/media?parent=2781"}],"wp:term":[{"taxonomy":"category","embeddable":true,"href":"https:\/\/victoria.gob.ar\/prensa\/wp-json\/wp\/v2\/categories?post=2781"},{"taxonomy":"post_tag","embeddable":true,"href":"https:\/\/victoria.gob.ar\/prensa\/wp-json\/wp\/v2\/tags?post=2781"}],"curies":[{"name":"wp","href":"https:\/\/api.w.org\/{rel}","templated":true}]}}