{"id":2778,"date":"2026-03-20T15:52:44","date_gmt":"2026-03-20T15:52:44","guid":{"rendered":"https:\/\/victoria.gob.ar\/prensa\/?p=2778"},"modified":"2026-03-26T15:53:12","modified_gmt":"2026-03-26T15:53:12","slug":"servicios-municipales-durante-los-feriados-del-lunes-y-martes","status":"publish","type":"post","link":"https:\/\/victoria.gob.ar\/prensa\/servicios-municipales-durante-los-feriados-del-lunes-y-martes\/","title":{"rendered":"SERVICIOS MUNICIPALES DURANTE LOS FERIADOS DEL LUNES Y MARTES"},"content":{"rendered":"\n<p>La Municipalidad de Victoria informa a la comunidad los servicios que se brindar\u00e1n durante los feriados del lunes 23 y martes 24 de marzo.<\/p>\n\n\n\n<p>\u2705 La Guardia de Seguridad y Control Urbano prestar\u00e1 servicios. Adem\u00e1s, ante el suceso de un evento que amerite, se podr\u00e1n activar las cuadrillas de emergencia.<\/p>\n\n\n\n<p>\u2705 La secci\u00f3n Seguridad Vial trabajar\u00e1 con normalidad desde su Cuerpo de Control de Tr\u00e1nsito.<\/p>\n\n\n\n<p>\u2705 La l\u00ednea del Centro de Atenci\u00f3n al Vecino, 147, funcionar\u00e1 con normalidad.<\/p>\n\n\n\n<p>\u2705\u274c El lunes, el TUM funcionar\u00e1 con sus dos l\u00edneas, en el horario de 07:00 a 13:00 h y de 16:00 a 20:00 h. El martes, no habr\u00e1 servicio.<\/p>\n\n\n\n<p>\u2705\u274c El lunes se realizar\u00e1 la recolecci\u00f3n de residuos con normalidad, pero el martes no habr\u00e1 servicio.<\/p>\n\n\n\n<p>\u274c No funcionar\u00e1 el Sistema de Estacionamiento Medido.<\/p>\n\n\n\n<p>\u274c No habr\u00e1 atenci\u00f3n al p\u00fablico por Mesa de Entrada.<\/p>\n\n\n\n<p><\/p>\n","protected":false},"excerpt":{"rendered":"<p>La Municipalidad de Victoria informa a la comunidad los servicios que se brindar\u00e1n durante los feriados del lunes 23 y martes 24 de marzo. \u2705 La Guardia de Seguridad y&hellip; <\/p>\n","protected":false},"author":1,"featured_media":2779,"comment_status":"open","ping_status":"open","sticky":false,"template":"","format":"standard","meta":{"footnotes":""},"categories":[8],"tags":[],"class_list":["post-2778","post","type-post","status-publish","format-standard","has-post-thumbnail","hentry","category-municipales"],"_links":{"self":[{"href":"https:\/\/victoria.gob.ar\/prensa\/wp-json\/wp\/v2\/posts\/2778","targetHints":{"allow":["GET"]}}],"collection":[{"href":"https:\/\/victoria.gob.ar\/prensa\/wp-json\/wp\/v2\/posts"}],"about":[{"href":"https:\/\/victoria.gob.ar\/prensa\/wp-json\/wp\/v2\/types\/post"}],"author":[{"embeddable":true,"href":"https:\/\/victoria.gob.ar\/prensa\/wp-json\/wp\/v2\/users\/1"}],"replies":[{"embeddable":true,"href":"https:\/\/victoria.gob.ar\/prensa\/wp-json\/wp\/v2\/comments?post=2778"}],"version-history":[{"count":1,"href":"https:\/\/victoria.gob.ar\/prensa\/wp-json\/wp\/v2\/posts\/2778\/revisions"}],"predecessor-version":[{"id":2780,"href":"https:\/\/victoria.gob.ar\/prensa\/wp-json\/wp\/v2\/posts\/2778\/revisions\/2780"}],"wp:featuredmedia":[{"embeddable":true,"href":"https:\/\/victoria.gob.ar\/prensa\/wp-json\/wp\/v2\/media\/2779"}],"wp:attachment":[{"href":"https:\/\/victoria.gob.ar\/prensa\/wp-json\/wp\/v2\/media?parent=2778"}],"wp:term":[{"taxonomy":"category","embeddable":true,"href":"https:\/\/victoria.gob.ar\/prensa\/wp-json\/wp\/v2\/categories?post=2778"},{"taxonomy":"post_tag","embeddable":true,"href":"https:\/\/victoria.gob.ar\/prensa\/wp-json\/wp\/v2\/tags?post=2778"}],"curies":[{"name":"wp","href":"https:\/\/api.w.org\/{rel}","templated":true}]}}