{"id":2772,"date":"2026-03-19T15:51:23","date_gmt":"2026-03-19T15:51:23","guid":{"rendered":"https:\/\/victoria.gob.ar\/prensa\/?p=2772"},"modified":"2026-03-26T15:51:43","modified_gmt":"2026-03-26T15:51:43","slug":"a-50-anos-del-golpe-civico-militar-jornada-de-testimonios-en-alusion-a-la-fecha","status":"publish","type":"post","link":"https:\/\/victoria.gob.ar\/prensa\/a-50-anos-del-golpe-civico-militar-jornada-de-testimonios-en-alusion-a-la-fecha\/","title":{"rendered":"A 50 A\u00d1OS DEL GOLPE C\u00cdVICO MILITAR: JORNADA DE TESTIMONIOS EN ALUSI\u00d3N A LA FECHA"},"content":{"rendered":"\n<p>\ud83d\udcc5 23 de marzo | \ud83d\udd56 19:00 hs | Cine Teatro Victoria (\ud83d\udccdAlem 64)<\/p>\n\n\n\n<p>Gloria Tarulli<br>Docente de nivel primario y universitario, con una extensa trayectoria en el sistema educativo entrerriano.<br>Detenida durante la \u00faltima dictadura c\u00edvico-militar en 1976.<br>Su testimonio recupera la memoria y la historia de quienes fueron perseguidos.<\/p>\n\n\n\n<p>Sabrina Gullino<br>Nieta restituida y miembro activa de Abuelas de Plaza de Mayo Rosario.<br>Ilustradora del libro \u201cLos nietos te cuentan c\u00f3mo fue\u201d, donde se narran historias de identidad recuperada.<\/p>\n\n\n\n<p>\ud83d\udcd6 Presentaci\u00f3n del libro: \u201cLos nietos te cuentan c\u00f3mo fue\u201d. Relatos que reconstruyen la identidad de 13 nietos y nietas.<\/p>\n\n\n\n<figure class=\"wp-block-image size-large\"><img fetchpriority=\"high\" decoding=\"async\" width=\"819\" height=\"1024\" src=\"https:\/\/victoria.gob.ar\/prensa\/wp-content\/uploads\/2026\/03\/WhatsApp-Image-2026-03-19-at-11.50.11-819x1024.jpeg\" alt=\"\" class=\"wp-image-2773\" srcset=\"https:\/\/victoria.gob.ar\/prensa\/wp-content\/uploads\/2026\/03\/WhatsApp-Image-2026-03-19-at-11.50.11-819x1024.jpeg 819w, https:\/\/victoria.gob.ar\/prensa\/wp-content\/uploads\/2026\/03\/WhatsApp-Image-2026-03-19-at-11.50.11-240x300.jpeg 240w, https:\/\/victoria.gob.ar\/prensa\/wp-content\/uploads\/2026\/03\/WhatsApp-Image-2026-03-19-at-11.50.11-768x960.jpeg 768w, https:\/\/victoria.gob.ar\/prensa\/wp-content\/uploads\/2026\/03\/WhatsApp-Image-2026-03-19-at-11.50.11.jpeg 1080w\" sizes=\"(max-width: 819px) 100vw, 819px\" \/><\/figure>\n","protected":false},"excerpt":{"rendered":"<p>\ud83d\udcc5 23 de marzo | \ud83d\udd56 19:00 hs | Cine Teatro Victoria (\ud83d\udccdAlem 64) Gloria TarulliDocente de nivel primario y universitario, con una extensa trayectoria en el sistema educativo entrerriano.Detenida&hellip; <\/p>\n","protected":false},"author":1,"featured_media":2773,"comment_status":"open","ping_status":"open","sticky":false,"template":"","format":"standard","meta":{"footnotes":""},"categories":[7],"tags":[],"class_list":["post-2772","post","type-post","status-publish","format-standard","has-post-thumbnail","hentry","category-cultura"],"_links":{"self":[{"href":"https:\/\/victoria.gob.ar\/prensa\/wp-json\/wp\/v2\/posts\/2772","targetHints":{"allow":["GET"]}}],"collection":[{"href":"https:\/\/victoria.gob.ar\/prensa\/wp-json\/wp\/v2\/posts"}],"about":[{"href":"https:\/\/victoria.gob.ar\/prensa\/wp-json\/wp\/v2\/types\/post"}],"author":[{"embeddable":true,"href":"https:\/\/victoria.gob.ar\/prensa\/wp-json\/wp\/v2\/users\/1"}],"replies":[{"embeddable":true,"href":"https:\/\/victoria.gob.ar\/prensa\/wp-json\/wp\/v2\/comments?post=2772"}],"version-history":[{"count":1,"href":"https:\/\/victoria.gob.ar\/prensa\/wp-json\/wp\/v2\/posts\/2772\/revisions"}],"predecessor-version":[{"id":2774,"href":"https:\/\/victoria.gob.ar\/prensa\/wp-json\/wp\/v2\/posts\/2772\/revisions\/2774"}],"wp:featuredmedia":[{"embeddable":true,"href":"https:\/\/victoria.gob.ar\/prensa\/wp-json\/wp\/v2\/media\/2773"}],"wp:attachment":[{"href":"https:\/\/victoria.gob.ar\/prensa\/wp-json\/wp\/v2\/media?parent=2772"}],"wp:term":[{"taxonomy":"category","embeddable":true,"href":"https:\/\/victoria.gob.ar\/prensa\/wp-json\/wp\/v2\/categories?post=2772"},{"taxonomy":"post_tag","embeddable":true,"href":"https:\/\/victoria.gob.ar\/prensa\/wp-json\/wp\/v2\/tags?post=2772"}],"curies":[{"name":"wp","href":"https:\/\/api.w.org\/{rel}","templated":true}]}}