{"id":2769,"date":"2026-03-19T15:50:45","date_gmt":"2026-03-19T15:50:45","guid":{"rendered":"https:\/\/victoria.gob.ar\/prensa\/?p=2769"},"modified":"2026-03-26T15:51:08","modified_gmt":"2026-03-26T15:51:08","slug":"jornada-de-intervencion-de-panuelos-blancos","status":"publish","type":"post","link":"https:\/\/victoria.gob.ar\/prensa\/jornada-de-intervencion-de-panuelos-blancos\/","title":{"rendered":"JORNADA DE INTERVENCI\u00d3N DE PA\u00d1UELOS BLANCOS"},"content":{"rendered":"\n<p>El \u00c1rea de Juventud de la Municipalidad de Victoria se suma a la iniciativa impulsada por las Abuelas de Plaza de Mayo bajo el lema \u201cFlorecer\u00e1n Pa\u00f1uelos\u201d, y te invita a participar de una jornada de intervenci\u00f3n de pa\u00f1uelos blancos.<\/p>\n\n\n\n<p>La actividad contar\u00e1 con bordado de pa\u00f1uelos a cargo de Nancy Santa Cruz, generando un espacio colectivo de creaci\u00f3n y memoria.<\/p>\n\n\n\n<p>\ud83d\udcc5 Viernes 20 de marzo<br>\ud83d\udd54 09:30 h<br>\ud83d\udccd SUM del Cine Teatro Victoria<\/p>\n\n\n\n<p>\u26a0\ufe0f Cupos limitados<\/p>\n\n\n\n<p>Pod\u00e9s inscribirte:<br>\ud83d\udcf2 A trav\u00e9s de Instagram: @areadejuventudvictoria<br>\ud83c\udfdb\ufe0f O de manera presencial en el Cine Teatro Victoria (Alem 64) de 07:00 a 19:00 h<\/p>\n\n\n\n<figure class=\"wp-block-image size-large\"><img fetchpriority=\"high\" decoding=\"async\" width=\"819\" height=\"1024\" src=\"https:\/\/victoria.gob.ar\/prensa\/wp-content\/uploads\/2026\/03\/WhatsApp-Image-2026-03-19-at-10.13.40-819x1024.jpeg\" alt=\"\" class=\"wp-image-2770\" srcset=\"https:\/\/victoria.gob.ar\/prensa\/wp-content\/uploads\/2026\/03\/WhatsApp-Image-2026-03-19-at-10.13.40-819x1024.jpeg 819w, https:\/\/victoria.gob.ar\/prensa\/wp-content\/uploads\/2026\/03\/WhatsApp-Image-2026-03-19-at-10.13.40-240x300.jpeg 240w, https:\/\/victoria.gob.ar\/prensa\/wp-content\/uploads\/2026\/03\/WhatsApp-Image-2026-03-19-at-10.13.40-768x960.jpeg 768w, https:\/\/victoria.gob.ar\/prensa\/wp-content\/uploads\/2026\/03\/WhatsApp-Image-2026-03-19-at-10.13.40.jpeg 1080w\" sizes=\"(max-width: 819px) 100vw, 819px\" \/><\/figure>\n","protected":false},"excerpt":{"rendered":"<p>El \u00c1rea de Juventud de la Municipalidad de Victoria se suma a la iniciativa impulsada por las Abuelas de Plaza de Mayo bajo el lema \u201cFlorecer\u00e1n Pa\u00f1uelos\u201d, y te invita&hellip; <\/p>\n","protected":false},"author":1,"featured_media":2770,"comment_status":"open","ping_status":"open","sticky":false,"template":"","format":"standard","meta":{"footnotes":""},"categories":[7],"tags":[],"class_list":["post-2769","post","type-post","status-publish","format-standard","has-post-thumbnail","hentry","category-cultura"],"_links":{"self":[{"href":"https:\/\/victoria.gob.ar\/prensa\/wp-json\/wp\/v2\/posts\/2769","targetHints":{"allow":["GET"]}}],"collection":[{"href":"https:\/\/victoria.gob.ar\/prensa\/wp-json\/wp\/v2\/posts"}],"about":[{"href":"https:\/\/victoria.gob.ar\/prensa\/wp-json\/wp\/v2\/types\/post"}],"author":[{"embeddable":true,"href":"https:\/\/victoria.gob.ar\/prensa\/wp-json\/wp\/v2\/users\/1"}],"replies":[{"embeddable":true,"href":"https:\/\/victoria.gob.ar\/prensa\/wp-json\/wp\/v2\/comments?post=2769"}],"version-history":[{"count":1,"href":"https:\/\/victoria.gob.ar\/prensa\/wp-json\/wp\/v2\/posts\/2769\/revisions"}],"predecessor-version":[{"id":2771,"href":"https:\/\/victoria.gob.ar\/prensa\/wp-json\/wp\/v2\/posts\/2769\/revisions\/2771"}],"wp:featuredmedia":[{"embeddable":true,"href":"https:\/\/victoria.gob.ar\/prensa\/wp-json\/wp\/v2\/media\/2770"}],"wp:attachment":[{"href":"https:\/\/victoria.gob.ar\/prensa\/wp-json\/wp\/v2\/media?parent=2769"}],"wp:term":[{"taxonomy":"category","embeddable":true,"href":"https:\/\/victoria.gob.ar\/prensa\/wp-json\/wp\/v2\/categories?post=2769"},{"taxonomy":"post_tag","embeddable":true,"href":"https:\/\/victoria.gob.ar\/prensa\/wp-json\/wp\/v2\/tags?post=2769"}],"curies":[{"name":"wp","href":"https:\/\/api.w.org\/{rel}","templated":true}]}}