{"id":2766,"date":"2026-03-19T15:49:27","date_gmt":"2026-03-19T15:49:27","guid":{"rendered":"https:\/\/victoria.gob.ar\/prensa\/?p=2766"},"modified":"2026-03-26T15:50:26","modified_gmt":"2026-03-26T15:50:26","slug":"siete-colinas-trece-historias-la-memoria-en-la-calle-a-50-anos-del-golpe","status":"publish","type":"post","link":"https:\/\/victoria.gob.ar\/prensa\/siete-colinas-trece-historias-la-memoria-en-la-calle-a-50-anos-del-golpe\/","title":{"rendered":"SIETE COLINAS, TRECE HISTORIAS: LA MEMORIA EN LA CALLE. A 50 A\u00d1OS DEL GOLPE"},"content":{"rendered":"\n<p>En el marco del 50\u00b0 aniversario del quiebre institucional de 1976, esta muestra gr\u00e1fica propone una interpelaci\u00f3n a la historia local, transformando los antiguos silencios de la ciudad en un ejercicio de memoria p\u00fablica y compartida.<\/p>\n\n\n\n<p>A trav\u00e9s de diversos ejes, la exposici\u00f3n analiza el impacto del terrorismo de Estado en nuestro territorio: desde la censura medi\u00e1tica y los operativos en la v\u00eda p\u00fablica, hasta la reconstrucci\u00f3n biogr\u00e1fica de once ciudadanos desaparecidos y asesinados vinculados al departamento. Al restituir la identidad de las v\u00edctimas en su propio entorno geogr\u00e1fico, la muestra busca resignificar nuestras calles, convirti\u00e9ndolas en un escenario activo de memoria, verdad y justicia.<\/p>\n\n\n\n<p>Inauguraci\u00f3n: \ud83d\uddd3\ufe0f Viernes 20 de marzo | 20:00 h.<br>Vigencia: \ud83d\uddd3\ufe0f Hasta el 3 de mayo.<br>Lugar: Museo de la ciudad \u201cCarlos A. Anad\u00f3n\u201d,\ud83d\udccdCongreso 593.<br>Entrada: Libre y gratuita.<\/p>\n\n\n\n<figure class=\"wp-block-image size-large\"><img fetchpriority=\"high\" decoding=\"async\" width=\"819\" height=\"1024\" src=\"https:\/\/victoria.gob.ar\/prensa\/wp-content\/uploads\/2026\/03\/WhatsApp-Image-2026-03-19-at-09.50.26-1-819x1024.jpeg\" alt=\"\" class=\"wp-image-2767\" srcset=\"https:\/\/victoria.gob.ar\/prensa\/wp-content\/uploads\/2026\/03\/WhatsApp-Image-2026-03-19-at-09.50.26-1-819x1024.jpeg 819w, https:\/\/victoria.gob.ar\/prensa\/wp-content\/uploads\/2026\/03\/WhatsApp-Image-2026-03-19-at-09.50.26-1-240x300.jpeg 240w, https:\/\/victoria.gob.ar\/prensa\/wp-content\/uploads\/2026\/03\/WhatsApp-Image-2026-03-19-at-09.50.26-1-768x960.jpeg 768w, https:\/\/victoria.gob.ar\/prensa\/wp-content\/uploads\/2026\/03\/WhatsApp-Image-2026-03-19-at-09.50.26-1.jpeg 1080w\" sizes=\"(max-width: 819px) 100vw, 819px\" \/><\/figure>\n","protected":false},"excerpt":{"rendered":"<p>En el marco del 50\u00b0 aniversario del quiebre institucional de 1976, esta muestra gr\u00e1fica propone una interpelaci\u00f3n a la historia local, transformando los antiguos silencios de la ciudad en un&hellip; <\/p>\n","protected":false},"author":1,"featured_media":2767,"comment_status":"open","ping_status":"open","sticky":false,"template":"","format":"standard","meta":{"footnotes":""},"categories":[7],"tags":[],"class_list":["post-2766","post","type-post","status-publish","format-standard","has-post-thumbnail","hentry","category-cultura"],"_links":{"self":[{"href":"https:\/\/victoria.gob.ar\/prensa\/wp-json\/wp\/v2\/posts\/2766","targetHints":{"allow":["GET"]}}],"collection":[{"href":"https:\/\/victoria.gob.ar\/prensa\/wp-json\/wp\/v2\/posts"}],"about":[{"href":"https:\/\/victoria.gob.ar\/prensa\/wp-json\/wp\/v2\/types\/post"}],"author":[{"embeddable":true,"href":"https:\/\/victoria.gob.ar\/prensa\/wp-json\/wp\/v2\/users\/1"}],"replies":[{"embeddable":true,"href":"https:\/\/victoria.gob.ar\/prensa\/wp-json\/wp\/v2\/comments?post=2766"}],"version-history":[{"count":1,"href":"https:\/\/victoria.gob.ar\/prensa\/wp-json\/wp\/v2\/posts\/2766\/revisions"}],"predecessor-version":[{"id":2768,"href":"https:\/\/victoria.gob.ar\/prensa\/wp-json\/wp\/v2\/posts\/2766\/revisions\/2768"}],"wp:featuredmedia":[{"embeddable":true,"href":"https:\/\/victoria.gob.ar\/prensa\/wp-json\/wp\/v2\/media\/2767"}],"wp:attachment":[{"href":"https:\/\/victoria.gob.ar\/prensa\/wp-json\/wp\/v2\/media?parent=2766"}],"wp:term":[{"taxonomy":"category","embeddable":true,"href":"https:\/\/victoria.gob.ar\/prensa\/wp-json\/wp\/v2\/categories?post=2766"},{"taxonomy":"post_tag","embeddable":true,"href":"https:\/\/victoria.gob.ar\/prensa\/wp-json\/wp\/v2\/tags?post=2766"}],"curies":[{"name":"wp","href":"https:\/\/api.w.org\/{rel}","templated":true}]}}