{"id":2750,"date":"2026-03-17T15:26:04","date_gmt":"2026-03-17T15:26:04","guid":{"rendered":"https:\/\/victoria.gob.ar\/prensa\/?p=2750"},"modified":"2026-03-17T15:26:04","modified_gmt":"2026-03-17T15:26:04","slug":"proyectando-memoria-%f0%9f%8e%ac","status":"publish","type":"post","link":"https:\/\/victoria.gob.ar\/prensa\/proyectando-memoria-%f0%9f%8e%ac\/","title":{"rendered":"PROYECTANDO MEMORIA \ud83c\udfac"},"content":{"rendered":"\n<p>Cine y reflexi\u00f3n para j\u00f3venes a 50 a\u00f1os del golpe de Estado en Argentina.<\/p>\n\n\n\n<p>En el marco de las actividades por el 24 de marzo, el \u00c1rea de Juventud de la Municipalidad de Victoria invita a j\u00f3venes a participar de una jornada de cine y reflexi\u00f3n con la proyecci\u00f3n de Argentina, 1985.<\/p>\n\n\n\n<p>Un espacio para mirar nuestra historia reciente, comprender el valor de la memoria colectiva y reafirmar el compromiso con la democracia.<\/p>\n\n\n\n<p>\ud83d\udccd Cine Teatro Victoria (Alem 64)<br>\ud83d\uddd3 Jueves 19 de marzo<br>\u23f0 08:30 h<\/p>\n\n\n\n<p>\u26a0\ufe0f Cupos limitados<\/p>\n\n\n\n<p>\ud83d\udccc Por consultas o inscripciones pod\u00e9s acercarte a Alem 64 o escribir por Instagram a @areadejuventudvictoria<\/p>\n\n\n\n<figure class=\"wp-block-image size-large\"><img fetchpriority=\"high\" decoding=\"async\" width=\"819\" height=\"1024\" src=\"https:\/\/victoria.gob.ar\/prensa\/wp-content\/uploads\/2026\/03\/WhatsApp-Image-2026-03-16-at-09.13.09-819x1024.jpeg\" alt=\"\" class=\"wp-image-2751\" srcset=\"https:\/\/victoria.gob.ar\/prensa\/wp-content\/uploads\/2026\/03\/WhatsApp-Image-2026-03-16-at-09.13.09-819x1024.jpeg 819w, https:\/\/victoria.gob.ar\/prensa\/wp-content\/uploads\/2026\/03\/WhatsApp-Image-2026-03-16-at-09.13.09-240x300.jpeg 240w, https:\/\/victoria.gob.ar\/prensa\/wp-content\/uploads\/2026\/03\/WhatsApp-Image-2026-03-16-at-09.13.09-768x960.jpeg 768w, https:\/\/victoria.gob.ar\/prensa\/wp-content\/uploads\/2026\/03\/WhatsApp-Image-2026-03-16-at-09.13.09.jpeg 1080w\" sizes=\"(max-width: 819px) 100vw, 819px\" \/><\/figure>\n","protected":false},"excerpt":{"rendered":"<p>Cine y reflexi\u00f3n para j\u00f3venes a 50 a\u00f1os del golpe de Estado en Argentina. En el marco de las actividades por el 24 de marzo, el \u00c1rea de Juventud de&hellip; <\/p>\n","protected":false},"author":1,"featured_media":2751,"comment_status":"open","ping_status":"open","sticky":false,"template":"","format":"standard","meta":{"footnotes":""},"categories":[7],"tags":[],"class_list":["post-2750","post","type-post","status-publish","format-standard","has-post-thumbnail","hentry","category-cultura"],"_links":{"self":[{"href":"https:\/\/victoria.gob.ar\/prensa\/wp-json\/wp\/v2\/posts\/2750","targetHints":{"allow":["GET"]}}],"collection":[{"href":"https:\/\/victoria.gob.ar\/prensa\/wp-json\/wp\/v2\/posts"}],"about":[{"href":"https:\/\/victoria.gob.ar\/prensa\/wp-json\/wp\/v2\/types\/post"}],"author":[{"embeddable":true,"href":"https:\/\/victoria.gob.ar\/prensa\/wp-json\/wp\/v2\/users\/1"}],"replies":[{"embeddable":true,"href":"https:\/\/victoria.gob.ar\/prensa\/wp-json\/wp\/v2\/comments?post=2750"}],"version-history":[{"count":1,"href":"https:\/\/victoria.gob.ar\/prensa\/wp-json\/wp\/v2\/posts\/2750\/revisions"}],"predecessor-version":[{"id":2752,"href":"https:\/\/victoria.gob.ar\/prensa\/wp-json\/wp\/v2\/posts\/2750\/revisions\/2752"}],"wp:featuredmedia":[{"embeddable":true,"href":"https:\/\/victoria.gob.ar\/prensa\/wp-json\/wp\/v2\/media\/2751"}],"wp:attachment":[{"href":"https:\/\/victoria.gob.ar\/prensa\/wp-json\/wp\/v2\/media?parent=2750"}],"wp:term":[{"taxonomy":"category","embeddable":true,"href":"https:\/\/victoria.gob.ar\/prensa\/wp-json\/wp\/v2\/categories?post=2750"},{"taxonomy":"post_tag","embeddable":true,"href":"https:\/\/victoria.gob.ar\/prensa\/wp-json\/wp\/v2\/tags?post=2750"}],"curies":[{"name":"wp","href":"https:\/\/api.w.org\/{rel}","templated":true}]}}