{"id":2698,"date":"2026-02-25T12:57:31","date_gmt":"2026-02-25T12:57:31","guid":{"rendered":"https:\/\/victoria.gob.ar\/prensa\/?p=2698"},"modified":"2026-02-25T12:57:31","modified_gmt":"2026-02-25T12:57:31","slug":"profesorado-en-docencia-superior-en-victoria-inscripcion-abierta-cupos-disponibles","status":"publish","type":"post","link":"https:\/\/victoria.gob.ar\/prensa\/profesorado-en-docencia-superior-en-victoria-inscripcion-abierta-cupos-disponibles\/","title":{"rendered":"PROFESORADO EN DOCENCIA SUPERIOR EN VICTORIA: INSCRIPCI\u00d3N ABIERTA \u2013 CUPOS DISPONIBLES"},"content":{"rendered":"\n<p>La Municipalidad de Victoria, junto con la UTN Facultad Regional Paran\u00e1 informan que se encuentra abierta la inscripci\u00f3n al Profesorado en Docencia Superior, cohorte marzo 2026.<\/p>\n\n\n\n<p>\ud83d\udcd8 Requisitos de ingreso<br>Podr\u00e1n inscribirse quienes posean t\u00edtulo de nivel superior emitido por una instituci\u00f3n educativa oficialmente reconocida, correspondiente a una carrera con:<\/p>\n\n\n\n<ul class=\"wp-block-list\">\n<li>Una carga horaria m\u00ednima de 1.800 horas reloj, y<\/li>\n\n\n\n<li>Una duraci\u00f3n no inferior a dos a\u00f1os y medio (2 \u00bd).<br>Los t\u00edtulos deber\u00e1n ser afines al campo disciplinar o profesional en el cual se desempe\u00f1ar\u00e1 la docencia.<br>\u26a0\ufe0f No se aceptar\u00e1n inscripciones de aspirantes con materias o cursadas pendientes, ni de tecnicaturas o carreras que no alcancen la carga horaria exigida. Este requisito es excluyente.<\/li>\n<\/ul>\n\n\n\n<p>\ud83d\uddc2\ufe0f Documentaci\u00f3n requerida<br>Para completar la inscripci\u00f3n, deber\u00e1 adjuntarse en formato PDF (uno por cada requisito, de manera clara y legible) la siguiente documentaci\u00f3n:<\/p>\n\n\n\n<ul class=\"wp-block-list\">\n<li>Diploma (frente y dorso).<\/li>\n\n\n\n<li>DNI (frente y dorso).<\/li>\n\n\n\n<li>Plan de estudios donde conste la carga horaria total expresada en horas reloj.<\/li>\n\n\n\n<li>Declaraci\u00f3n Jurada (incluida en el formulario de inscripci\u00f3n; debe completarse, escanearse y volver a subir).<\/li>\n\n\n\n<li>Comprobante de pago de inscripci\u00f3n (a presentar posteriormente).<br>\ud83d\udd39 El formulario de Google solo permite cargar un archivo por requisito.<br>Si tiene varios documentos, deber\u00e1 unirlos en un \u00fanico PDF. Puede hacerlo con herramientas gratuitas como www.ilovepdf.com (opci\u00f3n \u201cUnir PDF\u201d).<br>A medida que los aspirantes completen la inscripci\u00f3n, el equipo de la Facultad revisar\u00e1 la documentaci\u00f3n y dejar\u00e1 observaciones individuales.<\/li>\n<\/ul>\n\n\n\n<p>\ud83d\udcce Formulario de inscripci\u00f3n:<br>\ud83d\udc49\ud83c\udffc https:\/\/forms.gle\/V5f4JkKRJQCKozx26<\/p>\n\n\n\n<p>\ud83e\udded Modalidad de cursado<br>El cursado es semipresencial e incluye:<br>Un encuentro presencial mensual (s\u00e1bado de 08:00 a 18:00 h).<br>Actividades intermedias (lecturas, trabajos y ejercicios) a trav\u00e9s de la plataforma Microsoft Teams, provista sin costo.<br>Cada trayecto cuenta con cinco clases presenciales:<br>Las primeras cuatro son de cursado regular, con exigencia de 75 % de asistencia y entrega puntual de actividades.<br>La quinta clase tiene car\u00e1cter de examen final, cuya modalidad (oral, escrita, autoevaluaci\u00f3n, etc.) se comunica con anticipaci\u00f3n.<\/p>\n\n\n\n<p>\ud83d\udcb0 Costos<br>Inscripci\u00f3n: valor a definir.<br>Cuotas (20): valores a definir.<br>Una vez completado el formulario, el personal de UTN FRP se contactar\u00e1 por correo electr\u00f3nico para indicar los datos de pago.<\/p>\n\n\n\n<p>\ud83d\uddd3\ufe0f Inicio del cursado presencial<br>Marzo de 2026<\/p>\n\n\n\n<p>\ud83d\udce7 Consultas<br>Correo: profesorado@frp.utn.edu.ar<\/p>\n\n\n\n<p><\/p>\n","protected":false},"excerpt":{"rendered":"<p>La Municipalidad de Victoria, junto con la UTN Facultad Regional Paran\u00e1 informan que se encuentra abierta la inscripci\u00f3n al Profesorado en Docencia Superior, cohorte marzo 2026. \ud83d\udcd8 Requisitos de ingresoPodr\u00e1n&hellip; <\/p>\n","protected":false},"author":1,"featured_media":2699,"comment_status":"open","ping_status":"open","sticky":false,"template":"","format":"standard","meta":{"footnotes":""},"categories":[9],"tags":[],"class_list":["post-2698","post","type-post","status-publish","format-standard","has-post-thumbnail","hentry","category-gestion"],"_links":{"self":[{"href":"https:\/\/victoria.gob.ar\/prensa\/wp-json\/wp\/v2\/posts\/2698","targetHints":{"allow":["GET"]}}],"collection":[{"href":"https:\/\/victoria.gob.ar\/prensa\/wp-json\/wp\/v2\/posts"}],"about":[{"href":"https:\/\/victoria.gob.ar\/prensa\/wp-json\/wp\/v2\/types\/post"}],"author":[{"embeddable":true,"href":"https:\/\/victoria.gob.ar\/prensa\/wp-json\/wp\/v2\/users\/1"}],"replies":[{"embeddable":true,"href":"https:\/\/victoria.gob.ar\/prensa\/wp-json\/wp\/v2\/comments?post=2698"}],"version-history":[{"count":1,"href":"https:\/\/victoria.gob.ar\/prensa\/wp-json\/wp\/v2\/posts\/2698\/revisions"}],"predecessor-version":[{"id":2700,"href":"https:\/\/victoria.gob.ar\/prensa\/wp-json\/wp\/v2\/posts\/2698\/revisions\/2700"}],"wp:featuredmedia":[{"embeddable":true,"href":"https:\/\/victoria.gob.ar\/prensa\/wp-json\/wp\/v2\/media\/2699"}],"wp:attachment":[{"href":"https:\/\/victoria.gob.ar\/prensa\/wp-json\/wp\/v2\/media?parent=2698"}],"wp:term":[{"taxonomy":"category","embeddable":true,"href":"https:\/\/victoria.gob.ar\/prensa\/wp-json\/wp\/v2\/categories?post=2698"},{"taxonomy":"post_tag","embeddable":true,"href":"https:\/\/victoria.gob.ar\/prensa\/wp-json\/wp\/v2\/tags?post=2698"}],"curies":[{"name":"wp","href":"https:\/\/api.w.org\/{rel}","templated":true}]}}