{"id":2695,"date":"2026-02-25T12:56:32","date_gmt":"2026-02-25T12:56:32","guid":{"rendered":"https:\/\/victoria.gob.ar\/prensa\/?p=2695"},"modified":"2026-02-25T12:56:32","modified_gmt":"2026-02-25T12:56:32","slug":"manana-hay-ecocanje-%e2%99%bb%ef%b8%8f","status":"publish","type":"post","link":"https:\/\/victoria.gob.ar\/prensa\/manana-hay-ecocanje-%e2%99%bb%ef%b8%8f\/","title":{"rendered":"MA\u00d1ANA HAY ECOCANJE \u267b\ufe0f"},"content":{"rendered":"\n<p>\ud83e\udd14 \u00bfSab\u00edas que pod\u00e9s intercambiar residuos por semillas, plantines, tierra compostada y diferentes recipientes?<\/p>\n\n\n\n<p>El mi\u00e9rcoles 25 de febrero, ven\u00ed al Eco Canje en \ud83d\udccd la plazoleta del cementerio. Vamos a estar desde las 08:00 hasta las 12:00 h.<\/p>\n\n\n\n<figure class=\"wp-block-image size-large\"><img fetchpriority=\"high\" decoding=\"async\" width=\"819\" height=\"1024\" src=\"https:\/\/victoria.gob.ar\/prensa\/wp-content\/uploads\/2026\/02\/WhatsApp-Image-2026-02-24-at-09.41.03-819x1024.jpeg\" alt=\"\" class=\"wp-image-2696\" srcset=\"https:\/\/victoria.gob.ar\/prensa\/wp-content\/uploads\/2026\/02\/WhatsApp-Image-2026-02-24-at-09.41.03-819x1024.jpeg 819w, https:\/\/victoria.gob.ar\/prensa\/wp-content\/uploads\/2026\/02\/WhatsApp-Image-2026-02-24-at-09.41.03-240x300.jpeg 240w, https:\/\/victoria.gob.ar\/prensa\/wp-content\/uploads\/2026\/02\/WhatsApp-Image-2026-02-24-at-09.41.03-768x960.jpeg 768w, https:\/\/victoria.gob.ar\/prensa\/wp-content\/uploads\/2026\/02\/WhatsApp-Image-2026-02-24-at-09.41.03.jpeg 1080w\" sizes=\"(max-width: 819px) 100vw, 819px\" \/><\/figure>\n","protected":false},"excerpt":{"rendered":"<p>\ud83e\udd14 \u00bfSab\u00edas que pod\u00e9s intercambiar residuos por semillas, plantines, tierra compostada y diferentes recipientes? El mi\u00e9rcoles 25 de febrero, ven\u00ed al Eco Canje en \ud83d\udccd la plazoleta del cementerio. Vamos&hellip; <\/p>\n","protected":false},"author":1,"featured_media":2696,"comment_status":"open","ping_status":"open","sticky":false,"template":"","format":"standard","meta":{"footnotes":""},"categories":[7],"tags":[],"class_list":["post-2695","post","type-post","status-publish","format-standard","has-post-thumbnail","hentry","category-cultura"],"_links":{"self":[{"href":"https:\/\/victoria.gob.ar\/prensa\/wp-json\/wp\/v2\/posts\/2695","targetHints":{"allow":["GET"]}}],"collection":[{"href":"https:\/\/victoria.gob.ar\/prensa\/wp-json\/wp\/v2\/posts"}],"about":[{"href":"https:\/\/victoria.gob.ar\/prensa\/wp-json\/wp\/v2\/types\/post"}],"author":[{"embeddable":true,"href":"https:\/\/victoria.gob.ar\/prensa\/wp-json\/wp\/v2\/users\/1"}],"replies":[{"embeddable":true,"href":"https:\/\/victoria.gob.ar\/prensa\/wp-json\/wp\/v2\/comments?post=2695"}],"version-history":[{"count":1,"href":"https:\/\/victoria.gob.ar\/prensa\/wp-json\/wp\/v2\/posts\/2695\/revisions"}],"predecessor-version":[{"id":2697,"href":"https:\/\/victoria.gob.ar\/prensa\/wp-json\/wp\/v2\/posts\/2695\/revisions\/2697"}],"wp:featuredmedia":[{"embeddable":true,"href":"https:\/\/victoria.gob.ar\/prensa\/wp-json\/wp\/v2\/media\/2696"}],"wp:attachment":[{"href":"https:\/\/victoria.gob.ar\/prensa\/wp-json\/wp\/v2\/media?parent=2695"}],"wp:term":[{"taxonomy":"category","embeddable":true,"href":"https:\/\/victoria.gob.ar\/prensa\/wp-json\/wp\/v2\/categories?post=2695"},{"taxonomy":"post_tag","embeddable":true,"href":"https:\/\/victoria.gob.ar\/prensa\/wp-json\/wp\/v2\/tags?post=2695"}],"curies":[{"name":"wp","href":"https:\/\/api.w.org\/{rel}","templated":true}]}}