{"id":2673,"date":"2026-02-18T16:21:44","date_gmt":"2026-02-18T16:21:44","guid":{"rendered":"https:\/\/victoria.gob.ar\/prensa\/?p=2673"},"modified":"2026-02-18T16:21:44","modified_gmt":"2026-02-18T16:21:44","slug":"corte-de-agua-de-emergencia-por-reparacion-de-cano-madre","status":"publish","type":"post","link":"https:\/\/victoria.gob.ar\/prensa\/corte-de-agua-de-emergencia-por-reparacion-de-cano-madre\/","title":{"rendered":"CORTE DE AGUA DE EMERGENCIA POR REPARACI\u00d3N DE CA\u00d1O MADRE"},"content":{"rendered":"\n<p>La Municipalidad de Victoria informa que, debido a la rotura de un ca\u00f1o madre de la red de agua potable en la intersecci\u00f3n de calles Profesor S\u00e1nchez y Avenida Centenario, el servicio ser\u00e1 interrumpido a partir de las 14:00 h para realizar las tareas de reparaci\u00f3n correspondientes.<\/p>\n\n\n\n<p>Se solicita a la comunidad tomar las precauciones necesarias y se agradece la comprensi\u00f3n mientras los equipos trabajan para restablecer el servicio a la mayor brevedad posible.<\/p>\n\n\n","protected":false},"excerpt":{"rendered":"<p>La Municipalidad de Victoria informa que, debido a la rotura de un ca\u00f1o madre de la red de agua potable en la intersecci\u00f3n de calles Profesor S\u00e1nchez y Avenida Centenario,&hellip; <\/p>\n","protected":false},"author":1,"featured_media":2674,"comment_status":"open","ping_status":"open","sticky":false,"template":"","format":"standard","meta":{"footnotes":""},"categories":[17],"tags":[],"class_list":["post-2673","post","type-post","status-publish","format-standard","has-post-thumbnail","hentry","category-obras-sanitarias"],"_links":{"self":[{"href":"https:\/\/victoria.gob.ar\/prensa\/wp-json\/wp\/v2\/posts\/2673","targetHints":{"allow":["GET"]}}],"collection":[{"href":"https:\/\/victoria.gob.ar\/prensa\/wp-json\/wp\/v2\/posts"}],"about":[{"href":"https:\/\/victoria.gob.ar\/prensa\/wp-json\/wp\/v2\/types\/post"}],"author":[{"embeddable":true,"href":"https:\/\/victoria.gob.ar\/prensa\/wp-json\/wp\/v2\/users\/1"}],"replies":[{"embeddable":true,"href":"https:\/\/victoria.gob.ar\/prensa\/wp-json\/wp\/v2\/comments?post=2673"}],"version-history":[{"count":1,"href":"https:\/\/victoria.gob.ar\/prensa\/wp-json\/wp\/v2\/posts\/2673\/revisions"}],"predecessor-version":[{"id":2675,"href":"https:\/\/victoria.gob.ar\/prensa\/wp-json\/wp\/v2\/posts\/2673\/revisions\/2675"}],"wp:featuredmedia":[{"embeddable":true,"href":"https:\/\/victoria.gob.ar\/prensa\/wp-json\/wp\/v2\/media\/2674"}],"wp:attachment":[{"href":"https:\/\/victoria.gob.ar\/prensa\/wp-json\/wp\/v2\/media?parent=2673"}],"wp:term":[{"taxonomy":"category","embeddable":true,"href":"https:\/\/victoria.gob.ar\/prensa\/wp-json\/wp\/v2\/categories?post=2673"},{"taxonomy":"post_tag","embeddable":true,"href":"https:\/\/victoria.gob.ar\/prensa\/wp-json\/wp\/v2\/tags?post=2673"}],"curies":[{"name":"wp","href":"https:\/\/api.w.org\/{rel}","templated":true}]}}