{"id":2669,"date":"2026-02-18T16:21:06","date_gmt":"2026-02-18T16:21:06","guid":{"rendered":"https:\/\/victoria.gob.ar\/prensa\/?p=2669"},"modified":"2026-02-18T16:21:07","modified_gmt":"2026-02-18T16:21:07","slug":"noche-de-reinas-el-batuque-los-reyes-del-samba-obrigado-bateria-la-fabrica-de-pasistas-y-jarana-brillaron-en-la-quinta-noche-de-carnaval-%e2%9c%a8","status":"publish","type":"post","link":"https:\/\/victoria.gob.ar\/prensa\/noche-de-reinas-el-batuque-los-reyes-del-samba-obrigado-bateria-la-fabrica-de-pasistas-y-jarana-brillaron-en-la-quinta-noche-de-carnaval-%e2%9c%a8\/","title":{"rendered":"Noche de Reinas, El Batuque, Los Reyes del Samba, Obrigado Bateria, La F\u00e1brica de Pasistas y Jarana brillaron en la quinta noche de carnaval \u2728."},"content":{"rendered":"\n<p>\ud83d\udd17 Mir\u00e1 todas las fotos a trav\u00e9s del siguiente enlace:<\/p>\n\n\n\n<div class=\"wp-block-buttons is-layout-flex wp-block-buttons-is-layout-flex\">\n<div class=\"wp-block-button\"><a class=\"wp-block-button__link wp-element-button\" href=\"https:\/\/photos.app.goo.gl\/WWxzhCL79BCFCHPC7\">fotos<\/a><\/div>\n<\/div>\n\n\n\n<p>Y record\u00e1: \u00a1este s\u00e1bado 21 nos reencontramos en el circuito para vivir la sexta noche de carnaval y la Elecci\u00f3n de la Representante Provincial del Carnaval Entrerriano!<\/p>\n\n\n\n<p>Victoria, #50A\u00f1osDeCapital \ud83c\udfad<\/p>\n\n\n\n<figure class=\"wp-block-image size-large\"><img fetchpriority=\"high\" decoding=\"async\" width=\"684\" height=\"1024\" src=\"https:\/\/victoria.gob.ar\/prensa\/wp-content\/uploads\/2026\/02\/WhatsApp-Image-2026-02-18-at-11.52.44-684x1024.jpeg\" alt=\"\" class=\"wp-image-2670\" srcset=\"https:\/\/victoria.gob.ar\/prensa\/wp-content\/uploads\/2026\/02\/WhatsApp-Image-2026-02-18-at-11.52.44-684x1024.jpeg 684w, https:\/\/victoria.gob.ar\/prensa\/wp-content\/uploads\/2026\/02\/WhatsApp-Image-2026-02-18-at-11.52.44-200x300.jpeg 200w, https:\/\/victoria.gob.ar\/prensa\/wp-content\/uploads\/2026\/02\/WhatsApp-Image-2026-02-18-at-11.52.44.jpeg 695w\" sizes=\"(max-width: 684px) 100vw, 684px\" \/><\/figure>\n","protected":false},"excerpt":{"rendered":"<p>\ud83d\udd17 Mir\u00e1 todas las fotos a trav\u00e9s del siguiente enlace: Y record\u00e1: \u00a1este s\u00e1bado 21 nos reencontramos en el circuito para vivir la sexta noche de carnaval y la Elecci\u00f3n&hellip; <\/p>\n","protected":false},"author":1,"featured_media":2671,"comment_status":"open","ping_status":"open","sticky":false,"template":"","format":"standard","meta":{"footnotes":""},"categories":[6],"tags":[],"class_list":["post-2669","post","type-post","status-publish","format-standard","has-post-thumbnail","hentry","category-carnaval"],"_links":{"self":[{"href":"https:\/\/victoria.gob.ar\/prensa\/wp-json\/wp\/v2\/posts\/2669","targetHints":{"allow":["GET"]}}],"collection":[{"href":"https:\/\/victoria.gob.ar\/prensa\/wp-json\/wp\/v2\/posts"}],"about":[{"href":"https:\/\/victoria.gob.ar\/prensa\/wp-json\/wp\/v2\/types\/post"}],"author":[{"embeddable":true,"href":"https:\/\/victoria.gob.ar\/prensa\/wp-json\/wp\/v2\/users\/1"}],"replies":[{"embeddable":true,"href":"https:\/\/victoria.gob.ar\/prensa\/wp-json\/wp\/v2\/comments?post=2669"}],"version-history":[{"count":1,"href":"https:\/\/victoria.gob.ar\/prensa\/wp-json\/wp\/v2\/posts\/2669\/revisions"}],"predecessor-version":[{"id":2672,"href":"https:\/\/victoria.gob.ar\/prensa\/wp-json\/wp\/v2\/posts\/2669\/revisions\/2672"}],"wp:featuredmedia":[{"embeddable":true,"href":"https:\/\/victoria.gob.ar\/prensa\/wp-json\/wp\/v2\/media\/2671"}],"wp:attachment":[{"href":"https:\/\/victoria.gob.ar\/prensa\/wp-json\/wp\/v2\/media?parent=2669"}],"wp:term":[{"taxonomy":"category","embeddable":true,"href":"https:\/\/victoria.gob.ar\/prensa\/wp-json\/wp\/v2\/categories?post=2669"},{"taxonomy":"post_tag","embeddable":true,"href":"https:\/\/victoria.gob.ar\/prensa\/wp-json\/wp\/v2\/tags?post=2669"}],"curies":[{"name":"wp","href":"https:\/\/api.w.org\/{rel}","templated":true}]}}