{"id":2636,"date":"2026-02-14T16:09:04","date_gmt":"2026-02-14T16:09:04","guid":{"rendered":"https:\/\/victoria.gob.ar\/prensa\/?p=2636"},"modified":"2026-02-18T16:10:14","modified_gmt":"2026-02-18T16:10:14","slug":"victoria-limpia-en-el-barrio-festram","status":"publish","type":"post","link":"https:\/\/victoria.gob.ar\/prensa\/victoria-limpia-en-el-barrio-festram\/","title":{"rendered":"\u00abVICTORIA LIMPIA\u00bb EN EL BARRIO FESTRAM"},"content":{"rendered":"\n<p>La municipalidad retira de forma programada tus objetos en desuso.<\/p>\n\n\n\n<p>\ud83e\udd14 \u00bfQu\u00e9 pod\u00e9s sacar?<br>\u2705 Tachos, neum\u00e1ticos, botellas, chatarra, todos tus recipientes y objetos en desuso.<br>\u2705 Tambi\u00e9n, pod\u00e9s sacar ramas, restos de poda, tierra y escombros.<br>\u26a0\ufe0f Es muy importante que al retirar estos objetos lo hagas separ\u00e1ndolos cada uno por su categor\u00eda correspondiente.<\/p>\n\n\n\n<p>\u2139\ufe0f El mi\u00e9rcoles 18 de febrero, si sos vecino del Barrio Festram, \u00a1pod\u00e9s sacar a la vereda tus objetos en desuso!<\/p>\n\n\n\n<p>El \u00e9xito de esta campa\u00f1a tambi\u00e9n depende de \ud83e\udef5\ud83c\udffc vos.<\/p>\n\n\n\n<figure class=\"wp-block-gallery has-nested-images columns-default is-cropped wp-block-gallery-1 is-layout-flex wp-block-gallery-is-layout-flex\">\n<figure class=\"wp-block-image size-large\"><img fetchpriority=\"high\" decoding=\"async\" width=\"819\" height=\"1024\" data-id=\"2637\" src=\"https:\/\/victoria.gob.ar\/prensa\/wp-content\/uploads\/2026\/02\/WhatsApp-Image-2026-02-13-at-13.33.45-1-819x1024.jpeg\" alt=\"\" class=\"wp-image-2637\" srcset=\"https:\/\/victoria.gob.ar\/prensa\/wp-content\/uploads\/2026\/02\/WhatsApp-Image-2026-02-13-at-13.33.45-1-819x1024.jpeg 819w, https:\/\/victoria.gob.ar\/prensa\/wp-content\/uploads\/2026\/02\/WhatsApp-Image-2026-02-13-at-13.33.45-1-240x300.jpeg 240w, https:\/\/victoria.gob.ar\/prensa\/wp-content\/uploads\/2026\/02\/WhatsApp-Image-2026-02-13-at-13.33.45-1-768x960.jpeg 768w, https:\/\/victoria.gob.ar\/prensa\/wp-content\/uploads\/2026\/02\/WhatsApp-Image-2026-02-13-at-13.33.45-1.jpeg 1080w\" sizes=\"(max-width: 819px) 100vw, 819px\" \/><\/figure>\n\n\n\n<figure class=\"wp-block-image size-large\"><img decoding=\"async\" width=\"819\" height=\"1024\" data-id=\"2638\" src=\"https:\/\/victoria.gob.ar\/prensa\/wp-content\/uploads\/2026\/02\/WhatsApp-Image-2026-02-13-at-13.33.45-819x1024.jpeg\" alt=\"\" class=\"wp-image-2638\" srcset=\"https:\/\/victoria.gob.ar\/prensa\/wp-content\/uploads\/2026\/02\/WhatsApp-Image-2026-02-13-at-13.33.45-819x1024.jpeg 819w, https:\/\/victoria.gob.ar\/prensa\/wp-content\/uploads\/2026\/02\/WhatsApp-Image-2026-02-13-at-13.33.45-240x300.jpeg 240w, https:\/\/victoria.gob.ar\/prensa\/wp-content\/uploads\/2026\/02\/WhatsApp-Image-2026-02-13-at-13.33.45-768x960.jpeg 768w, https:\/\/victoria.gob.ar\/prensa\/wp-content\/uploads\/2026\/02\/WhatsApp-Image-2026-02-13-at-13.33.45.jpeg 1080w\" sizes=\"(max-width: 819px) 100vw, 819px\" \/><\/figure>\n<\/figure>\n","protected":false},"excerpt":{"rendered":"<p>La municipalidad retira de forma programada tus objetos en desuso. \ud83e\udd14 \u00bfQu\u00e9 pod\u00e9s sacar?\u2705 Tachos, neum\u00e1ticos, botellas, chatarra, todos tus recipientes y objetos en desuso.\u2705 Tambi\u00e9n, pod\u00e9s sacar ramas, restos&hellip; <\/p>\n","protected":false},"author":1,"featured_media":2638,"comment_status":"open","ping_status":"open","sticky":false,"template":"","format":"standard","meta":{"footnotes":""},"categories":[12],"tags":[],"class_list":["post-2636","post","type-post","status-publish","format-standard","has-post-thumbnail","hentry","category-limpieza"],"_links":{"self":[{"href":"https:\/\/victoria.gob.ar\/prensa\/wp-json\/wp\/v2\/posts\/2636","targetHints":{"allow":["GET"]}}],"collection":[{"href":"https:\/\/victoria.gob.ar\/prensa\/wp-json\/wp\/v2\/posts"}],"about":[{"href":"https:\/\/victoria.gob.ar\/prensa\/wp-json\/wp\/v2\/types\/post"}],"author":[{"embeddable":true,"href":"https:\/\/victoria.gob.ar\/prensa\/wp-json\/wp\/v2\/users\/1"}],"replies":[{"embeddable":true,"href":"https:\/\/victoria.gob.ar\/prensa\/wp-json\/wp\/v2\/comments?post=2636"}],"version-history":[{"count":1,"href":"https:\/\/victoria.gob.ar\/prensa\/wp-json\/wp\/v2\/posts\/2636\/revisions"}],"predecessor-version":[{"id":2639,"href":"https:\/\/victoria.gob.ar\/prensa\/wp-json\/wp\/v2\/posts\/2636\/revisions\/2639"}],"wp:featuredmedia":[{"embeddable":true,"href":"https:\/\/victoria.gob.ar\/prensa\/wp-json\/wp\/v2\/media\/2638"}],"wp:attachment":[{"href":"https:\/\/victoria.gob.ar\/prensa\/wp-json\/wp\/v2\/media?parent=2636"}],"wp:term":[{"taxonomy":"category","embeddable":true,"href":"https:\/\/victoria.gob.ar\/prensa\/wp-json\/wp\/v2\/categories?post=2636"},{"taxonomy":"post_tag","embeddable":true,"href":"https:\/\/victoria.gob.ar\/prensa\/wp-json\/wp\/v2\/tags?post=2636"}],"curies":[{"name":"wp","href":"https:\/\/api.w.org\/{rel}","templated":true}]}}