{"id":2633,"date":"2026-02-13T16:08:19","date_gmt":"2026-02-13T16:08:19","guid":{"rendered":"https:\/\/victoria.gob.ar\/prensa\/?p=2633"},"modified":"2026-02-18T16:08:42","modified_gmt":"2026-02-18T16:08:42","slug":"servicios-municipales-durante-el-lunes-16-y-martes-17-de-febrero","status":"publish","type":"post","link":"https:\/\/victoria.gob.ar\/prensa\/servicios-municipales-durante-el-lunes-16-y-martes-17-de-febrero\/","title":{"rendered":"SERVICIOS MUNICIPALES DURANTE EL LUNES 16 Y MARTES 17 DE FEBRERO"},"content":{"rendered":"\n<p>La Municipalidad de Victoria informa a la comunidad los servicios que se brindar\u00e1n durante el feriado del lunes 16 y martes 17 de febrero.<\/p>\n\n\n\n<p>\u2705 La Guardia de Seguridad y Control Urbano prestar\u00e1 servicios. Adem\u00e1s, ante el suceso de un evento que amerite, se podr\u00e1n activar las cuadrillas de emergencia.<\/p>\n\n\n\n<p>\u2705 La secci\u00f3n Seguridad Vial trabajar\u00e1 con normalidad desde su Cuerpo de Control de Tr\u00e1nsito.<\/p>\n\n\n\n<p>\u2705 La l\u00ednea del Centro de Atenci\u00f3n al Vecino, 147, funcionar\u00e1 con normalidad.<\/p>\n\n\n\n<p>\ud83d\udfe1 El TUM funcionar\u00e1 con sus dos l\u00edneas, pero con horario reducido: de 07:00 a 13:00 h. Por la tarde no habr\u00e1 servicio.<\/p>\n\n\n\n<p>\u2705\u274c El lunes se realizar\u00e1 la recolecci\u00f3n de residuos con normalidad, pero el martes no habr\u00e1 servicio.<\/p>\n\n\n\n<p>\u274c No funcionar\u00e1 el Sistema de Estacionamiento Medido.<\/p>\n\n\n\n<p>\u274c No habr\u00e1 atenci\u00f3n al p\u00fablico por Mesa de Entrada.<\/p>\n","protected":false},"excerpt":{"rendered":"<p>La Municipalidad de Victoria informa a la comunidad los servicios que se brindar\u00e1n durante el feriado del lunes 16 y martes 17 de febrero. \u2705 La Guardia de Seguridad y&hellip; <\/p>\n","protected":false},"author":1,"featured_media":2634,"comment_status":"open","ping_status":"open","sticky":false,"template":"","format":"standard","meta":{"footnotes":""},"categories":[8],"tags":[],"class_list":["post-2633","post","type-post","status-publish","format-standard","has-post-thumbnail","hentry","category-municipales"],"_links":{"self":[{"href":"https:\/\/victoria.gob.ar\/prensa\/wp-json\/wp\/v2\/posts\/2633","targetHints":{"allow":["GET"]}}],"collection":[{"href":"https:\/\/victoria.gob.ar\/prensa\/wp-json\/wp\/v2\/posts"}],"about":[{"href":"https:\/\/victoria.gob.ar\/prensa\/wp-json\/wp\/v2\/types\/post"}],"author":[{"embeddable":true,"href":"https:\/\/victoria.gob.ar\/prensa\/wp-json\/wp\/v2\/users\/1"}],"replies":[{"embeddable":true,"href":"https:\/\/victoria.gob.ar\/prensa\/wp-json\/wp\/v2\/comments?post=2633"}],"version-history":[{"count":1,"href":"https:\/\/victoria.gob.ar\/prensa\/wp-json\/wp\/v2\/posts\/2633\/revisions"}],"predecessor-version":[{"id":2635,"href":"https:\/\/victoria.gob.ar\/prensa\/wp-json\/wp\/v2\/posts\/2633\/revisions\/2635"}],"wp:featuredmedia":[{"embeddable":true,"href":"https:\/\/victoria.gob.ar\/prensa\/wp-json\/wp\/v2\/media\/2634"}],"wp:attachment":[{"href":"https:\/\/victoria.gob.ar\/prensa\/wp-json\/wp\/v2\/media?parent=2633"}],"wp:term":[{"taxonomy":"category","embeddable":true,"href":"https:\/\/victoria.gob.ar\/prensa\/wp-json\/wp\/v2\/categories?post=2633"},{"taxonomy":"post_tag","embeddable":true,"href":"https:\/\/victoria.gob.ar\/prensa\/wp-json\/wp\/v2\/tags?post=2633"}],"curies":[{"name":"wp","href":"https:\/\/api.w.org\/{rel}","templated":true}]}}