{"id":2586,"date":"2026-02-07T15:52:16","date_gmt":"2026-02-07T15:52:16","guid":{"rendered":"https:\/\/victoria.gob.ar\/prensa\/?p=2586"},"modified":"2026-02-18T15:54:13","modified_gmt":"2026-02-18T15:54:13","slug":"viaje-al-corso-2","status":"publish","type":"post","link":"https:\/\/victoria.gob.ar\/prensa\/viaje-al-corso-2\/","title":{"rendered":"VIAJE AL CORSO"},"content":{"rendered":"\n<p>Ayer, viernes 6 de febrero, acompa\u00f1amos la proyecci\u00f3n de una producci\u00f3n audiovisual y exposici\u00f3n de pinturas del artista Gabriel Calabrese. Con entrada libre y gratuita en nuestro Cine Teatro Victoria (Alem 64), disfrutamos de esta experiencia que nos llev\u00f3 a un curioso viaje en tren partiendo de la Estaci\u00f3n Victoria del F.C.C.E en 1896. Viajamos en el tiempo por el espacio, hasta llegar al carnaval de 2026. Las pinturas, presentadas en el hall, hicieron referencia est\u00e1tica a lo visto en el film.<\/p>\n\n\n\n<figure class=\"wp-block-gallery has-nested-images columns-default is-cropped wp-block-gallery-1 is-layout-flex wp-block-gallery-is-layout-flex\">\n<figure class=\"wp-block-image size-large\"><img fetchpriority=\"high\" decoding=\"async\" width=\"771\" height=\"1024\" data-id=\"2599\" src=\"https:\/\/victoria.gob.ar\/prensa\/wp-content\/uploads\/2026\/02\/WhatsApp-Image-2026-02-07-at-19.33.50-771x1024.jpeg\" alt=\"\" class=\"wp-image-2599\" srcset=\"https:\/\/victoria.gob.ar\/prensa\/wp-content\/uploads\/2026\/02\/WhatsApp-Image-2026-02-07-at-19.33.50-771x1024.jpeg 771w, https:\/\/victoria.gob.ar\/prensa\/wp-content\/uploads\/2026\/02\/WhatsApp-Image-2026-02-07-at-19.33.50-226x300.jpeg 226w, https:\/\/victoria.gob.ar\/prensa\/wp-content\/uploads\/2026\/02\/WhatsApp-Image-2026-02-07-at-19.33.50-768x1021.jpeg 768w, https:\/\/victoria.gob.ar\/prensa\/wp-content\/uploads\/2026\/02\/WhatsApp-Image-2026-02-07-at-19.33.50-1156x1536.jpeg 1156w, https:\/\/victoria.gob.ar\/prensa\/wp-content\/uploads\/2026\/02\/WhatsApp-Image-2026-02-07-at-19.33.50.jpeg 1204w\" sizes=\"(max-width: 771px) 100vw, 771px\" \/><\/figure>\n\n\n\n<figure class=\"wp-block-image size-large\"><img decoding=\"async\" width=\"1024\" height=\"576\" data-id=\"2591\" src=\"https:\/\/victoria.gob.ar\/prensa\/wp-content\/uploads\/2026\/02\/WhatsApp-Image-2026-02-07-at-19.33.53-1024x576.jpeg\" alt=\"\" class=\"wp-image-2591\" srcset=\"https:\/\/victoria.gob.ar\/prensa\/wp-content\/uploads\/2026\/02\/WhatsApp-Image-2026-02-07-at-19.33.53-1024x576.jpeg 1024w, https:\/\/victoria.gob.ar\/prensa\/wp-content\/uploads\/2026\/02\/WhatsApp-Image-2026-02-07-at-19.33.53-300x169.jpeg 300w, https:\/\/victoria.gob.ar\/prensa\/wp-content\/uploads\/2026\/02\/WhatsApp-Image-2026-02-07-at-19.33.53-768x432.jpeg 768w, https:\/\/victoria.gob.ar\/prensa\/wp-content\/uploads\/2026\/02\/WhatsApp-Image-2026-02-07-at-19.33.53.jpeg 1280w\" sizes=\"(max-width: 1024px) 100vw, 1024px\" \/><\/figure>\n\n\n\n<figure class=\"wp-block-image size-large\"><img decoding=\"async\" width=\"576\" height=\"1024\" data-id=\"2587\" src=\"https:\/\/victoria.gob.ar\/prensa\/wp-content\/uploads\/2026\/02\/WhatsApp-Image-2026-02-07-at-19.33.54-1-576x1024.jpeg\" alt=\"\" class=\"wp-image-2587\" srcset=\"https:\/\/victoria.gob.ar\/prensa\/wp-content\/uploads\/2026\/02\/WhatsApp-Image-2026-02-07-at-19.33.54-1-576x1024.jpeg 576w, https:\/\/victoria.gob.ar\/prensa\/wp-content\/uploads\/2026\/02\/WhatsApp-Image-2026-02-07-at-19.33.54-1-169x300.jpeg 169w, https:\/\/victoria.gob.ar\/prensa\/wp-content\/uploads\/2026\/02\/WhatsApp-Image-2026-02-07-at-19.33.54-1.jpeg 720w\" sizes=\"(max-width: 576px) 100vw, 576px\" \/><\/figure>\n\n\n\n<figure class=\"wp-block-image size-large\"><img loading=\"lazy\" decoding=\"async\" width=\"1024\" height=\"576\" data-id=\"2595\" src=\"https:\/\/victoria.gob.ar\/prensa\/wp-content\/uploads\/2026\/02\/WhatsApp-Image-2026-02-07-at-19.33.54-1024x576.jpeg\" alt=\"\" class=\"wp-image-2595\" srcset=\"https:\/\/victoria.gob.ar\/prensa\/wp-content\/uploads\/2026\/02\/WhatsApp-Image-2026-02-07-at-19.33.54-1024x576.jpeg 1024w, https:\/\/victoria.gob.ar\/prensa\/wp-content\/uploads\/2026\/02\/WhatsApp-Image-2026-02-07-at-19.33.54-300x169.jpeg 300w, https:\/\/victoria.gob.ar\/prensa\/wp-content\/uploads\/2026\/02\/WhatsApp-Image-2026-02-07-at-19.33.54-768x432.jpeg 768w, https:\/\/victoria.gob.ar\/prensa\/wp-content\/uploads\/2026\/02\/WhatsApp-Image-2026-02-07-at-19.33.54.jpeg 1280w\" sizes=\"(max-width: 1024px) 100vw, 1024px\" \/><\/figure>\n\n\n\n<figure class=\"wp-block-image size-large\"><img loading=\"lazy\" decoding=\"async\" width=\"576\" height=\"1024\" data-id=\"2588\" src=\"https:\/\/victoria.gob.ar\/prensa\/wp-content\/uploads\/2026\/02\/WhatsApp-Image-2026-02-07-at-19.33.55-576x1024.jpeg\" alt=\"\" class=\"wp-image-2588\" srcset=\"https:\/\/victoria.gob.ar\/prensa\/wp-content\/uploads\/2026\/02\/WhatsApp-Image-2026-02-07-at-19.33.55-576x1024.jpeg 576w, https:\/\/victoria.gob.ar\/prensa\/wp-content\/uploads\/2026\/02\/WhatsApp-Image-2026-02-07-at-19.33.55-169x300.jpeg 169w, https:\/\/victoria.gob.ar\/prensa\/wp-content\/uploads\/2026\/02\/WhatsApp-Image-2026-02-07-at-19.33.55.jpeg 720w\" sizes=\"(max-width: 576px) 100vw, 576px\" \/><\/figure>\n\n\n\n<figure class=\"wp-block-image size-large\"><img loading=\"lazy\" decoding=\"async\" width=\"1024\" height=\"576\" data-id=\"2596\" src=\"https:\/\/victoria.gob.ar\/prensa\/wp-content\/uploads\/2026\/02\/WhatsApp-Image-2026-02-07-at-19.33.56-1-1024x576.jpeg\" alt=\"\" class=\"wp-image-2596\" srcset=\"https:\/\/victoria.gob.ar\/prensa\/wp-content\/uploads\/2026\/02\/WhatsApp-Image-2026-02-07-at-19.33.56-1-1024x576.jpeg 1024w, https:\/\/victoria.gob.ar\/prensa\/wp-content\/uploads\/2026\/02\/WhatsApp-Image-2026-02-07-at-19.33.56-1-300x169.jpeg 300w, https:\/\/victoria.gob.ar\/prensa\/wp-content\/uploads\/2026\/02\/WhatsApp-Image-2026-02-07-at-19.33.56-1-768x432.jpeg 768w, https:\/\/victoria.gob.ar\/prensa\/wp-content\/uploads\/2026\/02\/WhatsApp-Image-2026-02-07-at-19.33.56-1.jpeg 1280w\" sizes=\"(max-width: 1024px) 100vw, 1024px\" \/><\/figure>\n\n\n\n<figure class=\"wp-block-image size-large\"><img loading=\"lazy\" decoding=\"async\" width=\"576\" height=\"1024\" data-id=\"2590\" src=\"https:\/\/victoria.gob.ar\/prensa\/wp-content\/uploads\/2026\/02\/WhatsApp-Image-2026-02-07-at-19.33.56-576x1024.jpeg\" alt=\"\" class=\"wp-image-2590\" srcset=\"https:\/\/victoria.gob.ar\/prensa\/wp-content\/uploads\/2026\/02\/WhatsApp-Image-2026-02-07-at-19.33.56-576x1024.jpeg 576w, https:\/\/victoria.gob.ar\/prensa\/wp-content\/uploads\/2026\/02\/WhatsApp-Image-2026-02-07-at-19.33.56-169x300.jpeg 169w, https:\/\/victoria.gob.ar\/prensa\/wp-content\/uploads\/2026\/02\/WhatsApp-Image-2026-02-07-at-19.33.56.jpeg 720w\" sizes=\"(max-width: 576px) 100vw, 576px\" \/><\/figure>\n\n\n\n<figure class=\"wp-block-image size-large\"><img loading=\"lazy\" decoding=\"async\" width=\"576\" height=\"1024\" data-id=\"2589\" src=\"https:\/\/victoria.gob.ar\/prensa\/wp-content\/uploads\/2026\/02\/WhatsApp-Image-2026-02-07-at-19.33.57-1-576x1024.jpeg\" alt=\"\" class=\"wp-image-2589\" srcset=\"https:\/\/victoria.gob.ar\/prensa\/wp-content\/uploads\/2026\/02\/WhatsApp-Image-2026-02-07-at-19.33.57-1-576x1024.jpeg 576w, https:\/\/victoria.gob.ar\/prensa\/wp-content\/uploads\/2026\/02\/WhatsApp-Image-2026-02-07-at-19.33.57-1-169x300.jpeg 169w, https:\/\/victoria.gob.ar\/prensa\/wp-content\/uploads\/2026\/02\/WhatsApp-Image-2026-02-07-at-19.33.57-1.jpeg 720w\" sizes=\"(max-width: 576px) 100vw, 576px\" \/><\/figure>\n\n\n\n<figure class=\"wp-block-image size-large\"><img loading=\"lazy\" decoding=\"async\" width=\"1024\" height=\"576\" data-id=\"2597\" src=\"https:\/\/victoria.gob.ar\/prensa\/wp-content\/uploads\/2026\/02\/WhatsApp-Image-2026-02-07-at-19.33.57-1024x576.jpeg\" alt=\"\" class=\"wp-image-2597\" srcset=\"https:\/\/victoria.gob.ar\/prensa\/wp-content\/uploads\/2026\/02\/WhatsApp-Image-2026-02-07-at-19.33.57-1024x576.jpeg 1024w, https:\/\/victoria.gob.ar\/prensa\/wp-content\/uploads\/2026\/02\/WhatsApp-Image-2026-02-07-at-19.33.57-300x169.jpeg 300w, https:\/\/victoria.gob.ar\/prensa\/wp-content\/uploads\/2026\/02\/WhatsApp-Image-2026-02-07-at-19.33.57-768x432.jpeg 768w, https:\/\/victoria.gob.ar\/prensa\/wp-content\/uploads\/2026\/02\/WhatsApp-Image-2026-02-07-at-19.33.57.jpeg 1280w\" sizes=\"(max-width: 1024px) 100vw, 1024px\" \/><\/figure>\n\n\n\n<figure class=\"wp-block-image size-large\"><img loading=\"lazy\" decoding=\"async\" width=\"1024\" height=\"576\" data-id=\"2600\" src=\"https:\/\/victoria.gob.ar\/prensa\/wp-content\/uploads\/2026\/02\/WhatsApp-Image-2026-02-07-at-19.33.58-1024x576.jpeg\" alt=\"\" class=\"wp-image-2600\" srcset=\"https:\/\/victoria.gob.ar\/prensa\/wp-content\/uploads\/2026\/02\/WhatsApp-Image-2026-02-07-at-19.33.58-1024x576.jpeg 1024w, https:\/\/victoria.gob.ar\/prensa\/wp-content\/uploads\/2026\/02\/WhatsApp-Image-2026-02-07-at-19.33.58-300x169.jpeg 300w, https:\/\/victoria.gob.ar\/prensa\/wp-content\/uploads\/2026\/02\/WhatsApp-Image-2026-02-07-at-19.33.58-768x432.jpeg 768w, https:\/\/victoria.gob.ar\/prensa\/wp-content\/uploads\/2026\/02\/WhatsApp-Image-2026-02-07-at-19.33.58.jpeg 1280w\" sizes=\"(max-width: 1024px) 100vw, 1024px\" \/><\/figure>\n\n\n\n<figure class=\"wp-block-image size-large\"><img loading=\"lazy\" decoding=\"async\" width=\"1024\" height=\"576\" data-id=\"2598\" src=\"https:\/\/victoria.gob.ar\/prensa\/wp-content\/uploads\/2026\/02\/WhatsApp-Image-2026-02-07-at-19.33.59-1024x576.jpeg\" alt=\"\" class=\"wp-image-2598\" srcset=\"https:\/\/victoria.gob.ar\/prensa\/wp-content\/uploads\/2026\/02\/WhatsApp-Image-2026-02-07-at-19.33.59-1024x576.jpeg 1024w, https:\/\/victoria.gob.ar\/prensa\/wp-content\/uploads\/2026\/02\/WhatsApp-Image-2026-02-07-at-19.33.59-300x169.jpeg 300w, https:\/\/victoria.gob.ar\/prensa\/wp-content\/uploads\/2026\/02\/WhatsApp-Image-2026-02-07-at-19.33.59-768x432.jpeg 768w, https:\/\/victoria.gob.ar\/prensa\/wp-content\/uploads\/2026\/02\/WhatsApp-Image-2026-02-07-at-19.33.59.jpeg 1280w\" sizes=\"(max-width: 1024px) 100vw, 1024px\" \/><\/figure>\n\n\n\n<figure class=\"wp-block-image size-large\"><img loading=\"lazy\" decoding=\"async\" width=\"576\" height=\"1024\" data-id=\"2592\" src=\"https:\/\/victoria.gob.ar\/prensa\/wp-content\/uploads\/2026\/02\/WhatsApp-Image-2026-02-07-at-19.34.01-1-576x1024.jpeg\" alt=\"\" class=\"wp-image-2592\" srcset=\"https:\/\/victoria.gob.ar\/prensa\/wp-content\/uploads\/2026\/02\/WhatsApp-Image-2026-02-07-at-19.34.01-1-576x1024.jpeg 576w, https:\/\/victoria.gob.ar\/prensa\/wp-content\/uploads\/2026\/02\/WhatsApp-Image-2026-02-07-at-19.34.01-1-169x300.jpeg 169w, https:\/\/victoria.gob.ar\/prensa\/wp-content\/uploads\/2026\/02\/WhatsApp-Image-2026-02-07-at-19.34.01-1.jpeg 720w\" sizes=\"(max-width: 576px) 100vw, 576px\" \/><\/figure>\n\n\n\n<figure class=\"wp-block-image size-large\"><img loading=\"lazy\" decoding=\"async\" width=\"576\" height=\"1024\" data-id=\"2593\" src=\"https:\/\/victoria.gob.ar\/prensa\/wp-content\/uploads\/2026\/02\/WhatsApp-Image-2026-02-07-at-19.34.01-576x1024.jpeg\" alt=\"\" class=\"wp-image-2593\" srcset=\"https:\/\/victoria.gob.ar\/prensa\/wp-content\/uploads\/2026\/02\/WhatsApp-Image-2026-02-07-at-19.34.01-576x1024.jpeg 576w, https:\/\/victoria.gob.ar\/prensa\/wp-content\/uploads\/2026\/02\/WhatsApp-Image-2026-02-07-at-19.34.01-169x300.jpeg 169w, https:\/\/victoria.gob.ar\/prensa\/wp-content\/uploads\/2026\/02\/WhatsApp-Image-2026-02-07-at-19.34.01.jpeg 720w\" sizes=\"(max-width: 576px) 100vw, 576px\" \/><\/figure>\n\n\n\n<figure class=\"wp-block-image size-large\"><img loading=\"lazy\" decoding=\"async\" width=\"576\" height=\"1024\" data-id=\"2594\" src=\"https:\/\/victoria.gob.ar\/prensa\/wp-content\/uploads\/2026\/02\/WhatsApp-Image-2026-02-07-at-19.34.02-576x1024.jpeg\" alt=\"\" class=\"wp-image-2594\" srcset=\"https:\/\/victoria.gob.ar\/prensa\/wp-content\/uploads\/2026\/02\/WhatsApp-Image-2026-02-07-at-19.34.02-576x1024.jpeg 576w, https:\/\/victoria.gob.ar\/prensa\/wp-content\/uploads\/2026\/02\/WhatsApp-Image-2026-02-07-at-19.34.02-169x300.jpeg 169w, https:\/\/victoria.gob.ar\/prensa\/wp-content\/uploads\/2026\/02\/WhatsApp-Image-2026-02-07-at-19.34.02.jpeg 720w\" sizes=\"(max-width: 576px) 100vw, 576px\" \/><\/figure>\n\n\n\n<figure class=\"wp-block-image size-large\"><img loading=\"lazy\" decoding=\"async\" width=\"1024\" height=\"768\" data-id=\"2601\" src=\"https:\/\/victoria.gob.ar\/prensa\/wp-content\/uploads\/2026\/02\/WhatsApp-Image-2026-02-07-at-19.34.03-1024x768.jpeg\" alt=\"\" class=\"wp-image-2601\" srcset=\"https:\/\/victoria.gob.ar\/prensa\/wp-content\/uploads\/2026\/02\/WhatsApp-Image-2026-02-07-at-19.34.03-1024x768.jpeg 1024w, https:\/\/victoria.gob.ar\/prensa\/wp-content\/uploads\/2026\/02\/WhatsApp-Image-2026-02-07-at-19.34.03-300x225.jpeg 300w, https:\/\/victoria.gob.ar\/prensa\/wp-content\/uploads\/2026\/02\/WhatsApp-Image-2026-02-07-at-19.34.03-768x576.jpeg 768w, https:\/\/victoria.gob.ar\/prensa\/wp-content\/uploads\/2026\/02\/WhatsApp-Image-2026-02-07-at-19.34.03-1536x1152.jpeg 1536w, https:\/\/victoria.gob.ar\/prensa\/wp-content\/uploads\/2026\/02\/WhatsApp-Image-2026-02-07-at-19.34.03.jpeg 1600w\" sizes=\"(max-width: 1024px) 100vw, 1024px\" \/><\/figure>\n<\/figure>\n","protected":false},"excerpt":{"rendered":"<p>Ayer, viernes 6 de febrero, acompa\u00f1amos la proyecci\u00f3n de una producci\u00f3n audiovisual y exposici\u00f3n de pinturas del artista Gabriel Calabrese. Con entrada libre y gratuita en nuestro Cine Teatro Victoria&hellip; <\/p>\n","protected":false},"author":1,"featured_media":2602,"comment_status":"open","ping_status":"open","sticky":false,"template":"","format":"standard","meta":{"footnotes":""},"categories":[6,7],"tags":[],"class_list":["post-2586","post","type-post","status-publish","format-standard","has-post-thumbnail","hentry","category-carnaval","category-cultura"],"_links":{"self":[{"href":"https:\/\/victoria.gob.ar\/prensa\/wp-json\/wp\/v2\/posts\/2586","targetHints":{"allow":["GET"]}}],"collection":[{"href":"https:\/\/victoria.gob.ar\/prensa\/wp-json\/wp\/v2\/posts"}],"about":[{"href":"https:\/\/victoria.gob.ar\/prensa\/wp-json\/wp\/v2\/types\/post"}],"author":[{"embeddable":true,"href":"https:\/\/victoria.gob.ar\/prensa\/wp-json\/wp\/v2\/users\/1"}],"replies":[{"embeddable":true,"href":"https:\/\/victoria.gob.ar\/prensa\/wp-json\/wp\/v2\/comments?post=2586"}],"version-history":[{"count":1,"href":"https:\/\/victoria.gob.ar\/prensa\/wp-json\/wp\/v2\/posts\/2586\/revisions"}],"predecessor-version":[{"id":2603,"href":"https:\/\/victoria.gob.ar\/prensa\/wp-json\/wp\/v2\/posts\/2586\/revisions\/2603"}],"wp:featuredmedia":[{"embeddable":true,"href":"https:\/\/victoria.gob.ar\/prensa\/wp-json\/wp\/v2\/media\/2602"}],"wp:attachment":[{"href":"https:\/\/victoria.gob.ar\/prensa\/wp-json\/wp\/v2\/media?parent=2586"}],"wp:term":[{"taxonomy":"category","embeddable":true,"href":"https:\/\/victoria.gob.ar\/prensa\/wp-json\/wp\/v2\/categories?post=2586"},{"taxonomy":"post_tag","embeddable":true,"href":"https:\/\/victoria.gob.ar\/prensa\/wp-json\/wp\/v2\/tags?post=2586"}],"curies":[{"name":"wp","href":"https:\/\/api.w.org\/{rel}","templated":true}]}}