{"id":2579,"date":"2026-02-07T15:46:17","date_gmt":"2026-02-07T15:46:17","guid":{"rendered":"https:\/\/victoria.gob.ar\/prensa\/?p=2579"},"modified":"2026-02-18T15:52:13","modified_gmt":"2026-02-18T15:52:13","slug":"un-espacio-de-inclusion-y-alegria-%f0%9f%8e%89","status":"publish","type":"post","link":"https:\/\/victoria.gob.ar\/prensa\/un-espacio-de-inclusion-y-alegria-%f0%9f%8e%89\/","title":{"rendered":"UN ESPACIO DE INCLUSI\u00d3N Y ALEGR\u00cdA \ud83c\udf89"},"content":{"rendered":"\n<p>La semana pasada finaliz\u00f3 la Colonia Municipal de Vacaciones, una propuesta que reuni\u00f3 a ni\u00f1os de distintos barrios y realidades en un lugar de encuentro, juego y aprendizaje compartido.<\/p>\n\n\n\n<p>La colonia, organizada en conjunto por las \u00e1reas de Deporte y Discapacidad, cont\u00f3 con una propuesta inclusiva que integr\u00f3 a 50 chicos dentro de un total de 240 participantes, fortaleciendo valores de compa\u00f1erismo, integraci\u00f3n y disfrute.<\/p>\n\n\n\n<p>Las actividades se desarrollaron en:<\/p>\n\n\n\n<p>\ud83d\udccd El Centro Deportivo y Social \u201cMalvinas Argentinas\u201d<br>\ud83d\udccd El Refugio del Cuarto Cuartel<br>\ud83d\udccd Los bungalows municipales<\/p>\n\n\n\n<p>En estos espacios se llevaron adelante jornadas de nataci\u00f3n, deportes y propuestas recreativas acompa\u00f1adas por profesores de educaci\u00f3n f\u00edsica.<\/p>\n\n\n\n<p>La Municipalidad de Victoria sigue trabajando para promover la inclusi\u00f3n y la alegr\u00eda de nuestros ni\u00f1os.<\/p>\n\n\n\n<figure class=\"wp-block-gallery has-nested-images columns-default is-cropped wp-block-gallery-1 is-layout-flex wp-block-gallery-is-layout-flex\">\n<figure class=\"wp-block-image size-large\"><img fetchpriority=\"high\" decoding=\"async\" width=\"1024\" height=\"768\" data-id=\"2583\" src=\"https:\/\/victoria.gob.ar\/prensa\/wp-content\/uploads\/2026\/02\/WhatsApp-Image-2026-02-07-at-15.58.13-1-1024x768.jpeg\" alt=\"\" class=\"wp-image-2583\" srcset=\"https:\/\/victoria.gob.ar\/prensa\/wp-content\/uploads\/2026\/02\/WhatsApp-Image-2026-02-07-at-15.58.13-1-1024x768.jpeg 1024w, https:\/\/victoria.gob.ar\/prensa\/wp-content\/uploads\/2026\/02\/WhatsApp-Image-2026-02-07-at-15.58.13-1-300x225.jpeg 300w, https:\/\/victoria.gob.ar\/prensa\/wp-content\/uploads\/2026\/02\/WhatsApp-Image-2026-02-07-at-15.58.13-1-768x576.jpeg 768w, https:\/\/victoria.gob.ar\/prensa\/wp-content\/uploads\/2026\/02\/WhatsApp-Image-2026-02-07-at-15.58.13-1.jpeg 1280w\" sizes=\"(max-width: 1024px) 100vw, 1024px\" \/><\/figure>\n\n\n\n<figure class=\"wp-block-image size-large\"><img decoding=\"async\" width=\"1024\" height=\"768\" data-id=\"2582\" src=\"https:\/\/victoria.gob.ar\/prensa\/wp-content\/uploads\/2026\/02\/WhatsApp-Image-2026-02-07-at-15.58.13-1024x768.jpeg\" alt=\"\" class=\"wp-image-2582\" srcset=\"https:\/\/victoria.gob.ar\/prensa\/wp-content\/uploads\/2026\/02\/WhatsApp-Image-2026-02-07-at-15.58.13-1024x768.jpeg 1024w, https:\/\/victoria.gob.ar\/prensa\/wp-content\/uploads\/2026\/02\/WhatsApp-Image-2026-02-07-at-15.58.13-300x225.jpeg 300w, https:\/\/victoria.gob.ar\/prensa\/wp-content\/uploads\/2026\/02\/WhatsApp-Image-2026-02-07-at-15.58.13-768x576.jpeg 768w, https:\/\/victoria.gob.ar\/prensa\/wp-content\/uploads\/2026\/02\/WhatsApp-Image-2026-02-07-at-15.58.13.jpeg 1280w\" sizes=\"(max-width: 1024px) 100vw, 1024px\" \/><\/figure>\n\n\n\n<figure class=\"wp-block-image size-large\"><img decoding=\"async\" width=\"1024\" height=\"676\" data-id=\"2580\" src=\"https:\/\/victoria.gob.ar\/prensa\/wp-content\/uploads\/2026\/02\/WhatsApp-Image-2026-02-07-at-15.58.14-1-1024x676.jpeg\" alt=\"\" class=\"wp-image-2580\" srcset=\"https:\/\/victoria.gob.ar\/prensa\/wp-content\/uploads\/2026\/02\/WhatsApp-Image-2026-02-07-at-15.58.14-1-1024x676.jpeg 1024w, https:\/\/victoria.gob.ar\/prensa\/wp-content\/uploads\/2026\/02\/WhatsApp-Image-2026-02-07-at-15.58.14-1-300x198.jpeg 300w, https:\/\/victoria.gob.ar\/prensa\/wp-content\/uploads\/2026\/02\/WhatsApp-Image-2026-02-07-at-15.58.14-1-768x507.jpeg 768w, https:\/\/victoria.gob.ar\/prensa\/wp-content\/uploads\/2026\/02\/WhatsApp-Image-2026-02-07-at-15.58.14-1.jpeg 1440w\" sizes=\"(max-width: 1024px) 100vw, 1024px\" \/><\/figure>\n\n\n\n<figure class=\"wp-block-image size-large\"><img loading=\"lazy\" decoding=\"async\" width=\"1024\" height=\"666\" data-id=\"2581\" src=\"https:\/\/victoria.gob.ar\/prensa\/wp-content\/uploads\/2026\/02\/WhatsApp-Image-2026-02-07-at-15.58.14-1024x666.jpeg\" alt=\"\" class=\"wp-image-2581\" srcset=\"https:\/\/victoria.gob.ar\/prensa\/wp-content\/uploads\/2026\/02\/WhatsApp-Image-2026-02-07-at-15.58.14-1024x666.jpeg 1024w, https:\/\/victoria.gob.ar\/prensa\/wp-content\/uploads\/2026\/02\/WhatsApp-Image-2026-02-07-at-15.58.14-300x195.jpeg 300w, https:\/\/victoria.gob.ar\/prensa\/wp-content\/uploads\/2026\/02\/WhatsApp-Image-2026-02-07-at-15.58.14-768x500.jpeg 768w, https:\/\/victoria.gob.ar\/prensa\/wp-content\/uploads\/2026\/02\/WhatsApp-Image-2026-02-07-at-15.58.14.jpeg 1440w\" sizes=\"(max-width: 1024px) 100vw, 1024px\" \/><\/figure>\n<\/figure>\n","protected":false},"excerpt":{"rendered":"<p>La semana pasada finaliz\u00f3 la Colonia Municipal de Vacaciones, una propuesta que reuni\u00f3 a ni\u00f1os de distintos barrios y realidades en un lugar de encuentro, juego y aprendizaje compartido. La&hellip; <\/p>\n","protected":false},"author":1,"featured_media":2584,"comment_status":"open","ping_status":"open","sticky":false,"template":"","format":"standard","meta":{"footnotes":""},"categories":[23],"tags":[],"class_list":["post-2579","post","type-post","status-publish","format-standard","has-post-thumbnail","hentry","category-juventud"],"_links":{"self":[{"href":"https:\/\/victoria.gob.ar\/prensa\/wp-json\/wp\/v2\/posts\/2579","targetHints":{"allow":["GET"]}}],"collection":[{"href":"https:\/\/victoria.gob.ar\/prensa\/wp-json\/wp\/v2\/posts"}],"about":[{"href":"https:\/\/victoria.gob.ar\/prensa\/wp-json\/wp\/v2\/types\/post"}],"author":[{"embeddable":true,"href":"https:\/\/victoria.gob.ar\/prensa\/wp-json\/wp\/v2\/users\/1"}],"replies":[{"embeddable":true,"href":"https:\/\/victoria.gob.ar\/prensa\/wp-json\/wp\/v2\/comments?post=2579"}],"version-history":[{"count":1,"href":"https:\/\/victoria.gob.ar\/prensa\/wp-json\/wp\/v2\/posts\/2579\/revisions"}],"predecessor-version":[{"id":2585,"href":"https:\/\/victoria.gob.ar\/prensa\/wp-json\/wp\/v2\/posts\/2579\/revisions\/2585"}],"wp:featuredmedia":[{"embeddable":true,"href":"https:\/\/victoria.gob.ar\/prensa\/wp-json\/wp\/v2\/media\/2584"}],"wp:attachment":[{"href":"https:\/\/victoria.gob.ar\/prensa\/wp-json\/wp\/v2\/media?parent=2579"}],"wp:term":[{"taxonomy":"category","embeddable":true,"href":"https:\/\/victoria.gob.ar\/prensa\/wp-json\/wp\/v2\/categories?post=2579"},{"taxonomy":"post_tag","embeddable":true,"href":"https:\/\/victoria.gob.ar\/prensa\/wp-json\/wp\/v2\/tags?post=2579"}],"curies":[{"name":"wp","href":"https:\/\/api.w.org\/{rel}","templated":true}]}}