{"id":2568,"date":"2026-02-07T15:43:27","date_gmt":"2026-02-07T15:43:27","guid":{"rendered":"https:\/\/victoria.gob.ar\/prensa\/?p=2568"},"modified":"2026-02-18T15:46:09","modified_gmt":"2026-02-18T15:46:09","slug":"hoy-sabado-7-de-febrero-la-municipalidad-de-victoria-realizo-60-castraciones-caninas-sin-arancel-en-el-cic-desde-las-0800-h","status":"publish","type":"post","link":"https:\/\/victoria.gob.ar\/prensa\/hoy-sabado-7-de-febrero-la-municipalidad-de-victoria-realizo-60-castraciones-caninas-sin-arancel-en-el-cic-desde-las-0800-h\/","title":{"rendered":"Hoy, s\u00e1bado 7 de febrero, la Municipalidad de Victoria realiz\u00f3 60 castraciones caninas sin arancel en el CIC desde las 08:00 h."},"content":{"rendered":"\n<p>Desde que inici\u00f3 la campa\u00f1a de esterilizaci\u00f3n canina, en marzo de 2024, hasta la fecha ya se llevaron adelante 1260 castraciones. Tambi\u00e9n, se concretaron 1080 castraciones felinas.<\/p>\n\n\n\n<figure class=\"wp-block-gallery has-nested-images columns-default is-cropped wp-block-gallery-1 is-layout-flex wp-block-gallery-is-layout-flex\">\n<figure class=\"wp-block-image size-large\"><img fetchpriority=\"high\" decoding=\"async\" width=\"1024\" height=\"682\" data-id=\"2569\" src=\"https:\/\/victoria.gob.ar\/prensa\/wp-content\/uploads\/2026\/02\/WhatsApp-Image-2026-02-07-at-14.12.13-1-1024x682.jpeg\" alt=\"\" class=\"wp-image-2569\" srcset=\"https:\/\/victoria.gob.ar\/prensa\/wp-content\/uploads\/2026\/02\/WhatsApp-Image-2026-02-07-at-14.12.13-1-1024x682.jpeg 1024w, https:\/\/victoria.gob.ar\/prensa\/wp-content\/uploads\/2026\/02\/WhatsApp-Image-2026-02-07-at-14.12.13-1-300x200.jpeg 300w, https:\/\/victoria.gob.ar\/prensa\/wp-content\/uploads\/2026\/02\/WhatsApp-Image-2026-02-07-at-14.12.13-1-768x512.jpeg 768w, https:\/\/victoria.gob.ar\/prensa\/wp-content\/uploads\/2026\/02\/WhatsApp-Image-2026-02-07-at-14.12.13-1-1536x1023.jpeg 1536w, https:\/\/victoria.gob.ar\/prensa\/wp-content\/uploads\/2026\/02\/WhatsApp-Image-2026-02-07-at-14.12.13-1.jpeg 1600w\" sizes=\"(max-width: 1024px) 100vw, 1024px\" \/><\/figure>\n\n\n\n<figure class=\"wp-block-image size-large\"><img decoding=\"async\" width=\"1024\" height=\"682\" data-id=\"2572\" src=\"https:\/\/victoria.gob.ar\/prensa\/wp-content\/uploads\/2026\/02\/WhatsApp-Image-2026-02-07-at-14.12.13-1024x682.jpeg\" alt=\"\" class=\"wp-image-2572\" srcset=\"https:\/\/victoria.gob.ar\/prensa\/wp-content\/uploads\/2026\/02\/WhatsApp-Image-2026-02-07-at-14.12.13-1024x682.jpeg 1024w, https:\/\/victoria.gob.ar\/prensa\/wp-content\/uploads\/2026\/02\/WhatsApp-Image-2026-02-07-at-14.12.13-300x200.jpeg 300w, https:\/\/victoria.gob.ar\/prensa\/wp-content\/uploads\/2026\/02\/WhatsApp-Image-2026-02-07-at-14.12.13-768x512.jpeg 768w, https:\/\/victoria.gob.ar\/prensa\/wp-content\/uploads\/2026\/02\/WhatsApp-Image-2026-02-07-at-14.12.13-1536x1023.jpeg 1536w, https:\/\/victoria.gob.ar\/prensa\/wp-content\/uploads\/2026\/02\/WhatsApp-Image-2026-02-07-at-14.12.13.jpeg 1600w\" sizes=\"(max-width: 1024px) 100vw, 1024px\" \/><\/figure>\n\n\n\n<figure class=\"wp-block-image size-large\"><img decoding=\"async\" width=\"1024\" height=\"682\" data-id=\"2570\" src=\"https:\/\/victoria.gob.ar\/prensa\/wp-content\/uploads\/2026\/02\/WhatsApp-Image-2026-02-07-at-14.12.14-1-1024x682.jpeg\" alt=\"\" class=\"wp-image-2570\" srcset=\"https:\/\/victoria.gob.ar\/prensa\/wp-content\/uploads\/2026\/02\/WhatsApp-Image-2026-02-07-at-14.12.14-1-1024x682.jpeg 1024w, https:\/\/victoria.gob.ar\/prensa\/wp-content\/uploads\/2026\/02\/WhatsApp-Image-2026-02-07-at-14.12.14-1-300x200.jpeg 300w, https:\/\/victoria.gob.ar\/prensa\/wp-content\/uploads\/2026\/02\/WhatsApp-Image-2026-02-07-at-14.12.14-1-768x512.jpeg 768w, https:\/\/victoria.gob.ar\/prensa\/wp-content\/uploads\/2026\/02\/WhatsApp-Image-2026-02-07-at-14.12.14-1-1536x1023.jpeg 1536w, https:\/\/victoria.gob.ar\/prensa\/wp-content\/uploads\/2026\/02\/WhatsApp-Image-2026-02-07-at-14.12.14-1.jpeg 1600w\" sizes=\"(max-width: 1024px) 100vw, 1024px\" \/><\/figure>\n\n\n\n<figure class=\"wp-block-image size-large\"><img loading=\"lazy\" decoding=\"async\" width=\"1024\" height=\"682\" data-id=\"2576\" src=\"https:\/\/victoria.gob.ar\/prensa\/wp-content\/uploads\/2026\/02\/WhatsApp-Image-2026-02-07-at-14.12.14-1024x682.jpeg\" alt=\"\" class=\"wp-image-2576\" srcset=\"https:\/\/victoria.gob.ar\/prensa\/wp-content\/uploads\/2026\/02\/WhatsApp-Image-2026-02-07-at-14.12.14-1024x682.jpeg 1024w, https:\/\/victoria.gob.ar\/prensa\/wp-content\/uploads\/2026\/02\/WhatsApp-Image-2026-02-07-at-14.12.14-300x200.jpeg 300w, https:\/\/victoria.gob.ar\/prensa\/wp-content\/uploads\/2026\/02\/WhatsApp-Image-2026-02-07-at-14.12.14-768x512.jpeg 768w, https:\/\/victoria.gob.ar\/prensa\/wp-content\/uploads\/2026\/02\/WhatsApp-Image-2026-02-07-at-14.12.14-1536x1023.jpeg 1536w, https:\/\/victoria.gob.ar\/prensa\/wp-content\/uploads\/2026\/02\/WhatsApp-Image-2026-02-07-at-14.12.14.jpeg 1600w\" sizes=\"(max-width: 1024px) 100vw, 1024px\" \/><\/figure>\n\n\n\n<figure class=\"wp-block-image size-large\"><img loading=\"lazy\" decoding=\"async\" width=\"1024\" height=\"682\" data-id=\"2577\" src=\"https:\/\/victoria.gob.ar\/prensa\/wp-content\/uploads\/2026\/02\/WhatsApp-Image-2026-02-07-at-14.12.15-1-1024x682.jpeg\" alt=\"\" class=\"wp-image-2577\" srcset=\"https:\/\/victoria.gob.ar\/prensa\/wp-content\/uploads\/2026\/02\/WhatsApp-Image-2026-02-07-at-14.12.15-1-1024x682.jpeg 1024w, https:\/\/victoria.gob.ar\/prensa\/wp-content\/uploads\/2026\/02\/WhatsApp-Image-2026-02-07-at-14.12.15-1-300x200.jpeg 300w, https:\/\/victoria.gob.ar\/prensa\/wp-content\/uploads\/2026\/02\/WhatsApp-Image-2026-02-07-at-14.12.15-1-768x512.jpeg 768w, https:\/\/victoria.gob.ar\/prensa\/wp-content\/uploads\/2026\/02\/WhatsApp-Image-2026-02-07-at-14.12.15-1-1536x1023.jpeg 1536w, https:\/\/victoria.gob.ar\/prensa\/wp-content\/uploads\/2026\/02\/WhatsApp-Image-2026-02-07-at-14.12.15-1.jpeg 1600w\" sizes=\"(max-width: 1024px) 100vw, 1024px\" \/><\/figure>\n\n\n\n<figure class=\"wp-block-image size-large\"><img loading=\"lazy\" decoding=\"async\" width=\"1024\" height=\"682\" data-id=\"2574\" src=\"https:\/\/victoria.gob.ar\/prensa\/wp-content\/uploads\/2026\/02\/WhatsApp-Image-2026-02-07-at-14.12.15-1024x682.jpeg\" alt=\"\" class=\"wp-image-2574\" srcset=\"https:\/\/victoria.gob.ar\/prensa\/wp-content\/uploads\/2026\/02\/WhatsApp-Image-2026-02-07-at-14.12.15-1024x682.jpeg 1024w, https:\/\/victoria.gob.ar\/prensa\/wp-content\/uploads\/2026\/02\/WhatsApp-Image-2026-02-07-at-14.12.15-300x200.jpeg 300w, https:\/\/victoria.gob.ar\/prensa\/wp-content\/uploads\/2026\/02\/WhatsApp-Image-2026-02-07-at-14.12.15-768x512.jpeg 768w, https:\/\/victoria.gob.ar\/prensa\/wp-content\/uploads\/2026\/02\/WhatsApp-Image-2026-02-07-at-14.12.15-1536x1023.jpeg 1536w, https:\/\/victoria.gob.ar\/prensa\/wp-content\/uploads\/2026\/02\/WhatsApp-Image-2026-02-07-at-14.12.15.jpeg 1600w\" sizes=\"(max-width: 1024px) 100vw, 1024px\" \/><\/figure>\n\n\n\n<figure class=\"wp-block-image size-large\"><img loading=\"lazy\" decoding=\"async\" width=\"1024\" height=\"682\" data-id=\"2573\" src=\"https:\/\/victoria.gob.ar\/prensa\/wp-content\/uploads\/2026\/02\/WhatsApp-Image-2026-02-07-at-14.12.16-1-1024x682.jpeg\" alt=\"\" class=\"wp-image-2573\" srcset=\"https:\/\/victoria.gob.ar\/prensa\/wp-content\/uploads\/2026\/02\/WhatsApp-Image-2026-02-07-at-14.12.16-1-1024x682.jpeg 1024w, https:\/\/victoria.gob.ar\/prensa\/wp-content\/uploads\/2026\/02\/WhatsApp-Image-2026-02-07-at-14.12.16-1-300x200.jpeg 300w, https:\/\/victoria.gob.ar\/prensa\/wp-content\/uploads\/2026\/02\/WhatsApp-Image-2026-02-07-at-14.12.16-1-768x512.jpeg 768w, https:\/\/victoria.gob.ar\/prensa\/wp-content\/uploads\/2026\/02\/WhatsApp-Image-2026-02-07-at-14.12.16-1-1536x1023.jpeg 1536w, https:\/\/victoria.gob.ar\/prensa\/wp-content\/uploads\/2026\/02\/WhatsApp-Image-2026-02-07-at-14.12.16-1.jpeg 1600w\" sizes=\"(max-width: 1024px) 100vw, 1024px\" \/><\/figure>\n\n\n\n<figure class=\"wp-block-image size-large\"><img loading=\"lazy\" decoding=\"async\" width=\"1024\" height=\"682\" data-id=\"2575\" src=\"https:\/\/victoria.gob.ar\/prensa\/wp-content\/uploads\/2026\/02\/WhatsApp-Image-2026-02-07-at-14.12.16-1024x682.jpeg\" alt=\"\" class=\"wp-image-2575\" srcset=\"https:\/\/victoria.gob.ar\/prensa\/wp-content\/uploads\/2026\/02\/WhatsApp-Image-2026-02-07-at-14.12.16-1024x682.jpeg 1024w, https:\/\/victoria.gob.ar\/prensa\/wp-content\/uploads\/2026\/02\/WhatsApp-Image-2026-02-07-at-14.12.16-300x200.jpeg 300w, https:\/\/victoria.gob.ar\/prensa\/wp-content\/uploads\/2026\/02\/WhatsApp-Image-2026-02-07-at-14.12.16-768x512.jpeg 768w, https:\/\/victoria.gob.ar\/prensa\/wp-content\/uploads\/2026\/02\/WhatsApp-Image-2026-02-07-at-14.12.16-1536x1023.jpeg 1536w, https:\/\/victoria.gob.ar\/prensa\/wp-content\/uploads\/2026\/02\/WhatsApp-Image-2026-02-07-at-14.12.16.jpeg 1600w\" sizes=\"(max-width: 1024px) 100vw, 1024px\" \/><\/figure>\n<\/figure>\n","protected":false},"excerpt":{"rendered":"<p>Desde que inici\u00f3 la campa\u00f1a de esterilizaci\u00f3n canina, en marzo de 2024, hasta la fecha ya se llevaron adelante 1260 castraciones. Tambi\u00e9n, se concretaron 1080 castraciones felinas.<\/p>\n","protected":false},"author":1,"featured_media":2571,"comment_status":"open","ping_status":"open","sticky":false,"template":"","format":"standard","meta":{"footnotes":""},"categories":[16],"tags":[],"class_list":["post-2568","post","type-post","status-publish","format-standard","has-post-thumbnail","hentry","category-castraciones"],"_links":{"self":[{"href":"https:\/\/victoria.gob.ar\/prensa\/wp-json\/wp\/v2\/posts\/2568","targetHints":{"allow":["GET"]}}],"collection":[{"href":"https:\/\/victoria.gob.ar\/prensa\/wp-json\/wp\/v2\/posts"}],"about":[{"href":"https:\/\/victoria.gob.ar\/prensa\/wp-json\/wp\/v2\/types\/post"}],"author":[{"embeddable":true,"href":"https:\/\/victoria.gob.ar\/prensa\/wp-json\/wp\/v2\/users\/1"}],"replies":[{"embeddable":true,"href":"https:\/\/victoria.gob.ar\/prensa\/wp-json\/wp\/v2\/comments?post=2568"}],"version-history":[{"count":1,"href":"https:\/\/victoria.gob.ar\/prensa\/wp-json\/wp\/v2\/posts\/2568\/revisions"}],"predecessor-version":[{"id":2578,"href":"https:\/\/victoria.gob.ar\/prensa\/wp-json\/wp\/v2\/posts\/2568\/revisions\/2578"}],"wp:featuredmedia":[{"embeddable":true,"href":"https:\/\/victoria.gob.ar\/prensa\/wp-json\/wp\/v2\/media\/2571"}],"wp:attachment":[{"href":"https:\/\/victoria.gob.ar\/prensa\/wp-json\/wp\/v2\/media?parent=2568"}],"wp:term":[{"taxonomy":"category","embeddable":true,"href":"https:\/\/victoria.gob.ar\/prensa\/wp-json\/wp\/v2\/categories?post=2568"},{"taxonomy":"post_tag","embeddable":true,"href":"https:\/\/victoria.gob.ar\/prensa\/wp-json\/wp\/v2\/tags?post=2568"}],"curies":[{"name":"wp","href":"https:\/\/api.w.org\/{rel}","templated":true}]}}