{"id":2565,"date":"2026-02-06T15:42:55","date_gmt":"2026-02-06T15:42:55","guid":{"rendered":"https:\/\/victoria.gob.ar\/prensa\/?p=2565"},"modified":"2026-02-18T15:43:24","modified_gmt":"2026-02-18T15:43:24","slug":"el-sabado-7-de-febrero-se-van-a-realizar-60-castraciones-caninas","status":"publish","type":"post","link":"https:\/\/victoria.gob.ar\/prensa\/el-sabado-7-de-febrero-se-van-a-realizar-60-castraciones-caninas\/","title":{"rendered":"EL S\u00c1BADO 7 DE FEBRERO SE VAN A REALIZAR 60 CASTRACIONES CANINAS"},"content":{"rendered":"\n<p>La Municipalidad de Victoria contin\u00faa desarrollando la campa\u00f1a de esterilizaci\u00f3n canina sin arancel. El s\u00e1bado 7 de febrero, en\ud83d\udccd el CIC (Cochabamba y Passo), a partir de las \u231a 08:00 h se van a realizar 60 castraciones a perros machos y hembras. Los turnos se dar\u00e1n ese mismo d\u00eda a partir de las 07:30 h por orden de llegada.<\/p>\n\n\n\n<p>La tenencia responsable de mascotas es fundamental para resolver la problem\u00e1tica de la sobrepoblaci\u00f3n de caninos y felinos en las calles. Los problemas comunitarios se resuelven en comunidad y requieren del compromiso de todos.<\/p>\n\n\n\n<p>Victoria, #MiCiudadQuerida \ud83e\ude75<\/p>\n\n\n\n<figure class=\"wp-block-image size-large\"><img fetchpriority=\"high\" decoding=\"async\" width=\"819\" height=\"1024\" src=\"https:\/\/victoria.gob.ar\/prensa\/wp-content\/uploads\/2026\/02\/WhatsApp-Image-2026-02-06-at-22.51.23-819x1024.jpeg\" alt=\"\" class=\"wp-image-2566\" srcset=\"https:\/\/victoria.gob.ar\/prensa\/wp-content\/uploads\/2026\/02\/WhatsApp-Image-2026-02-06-at-22.51.23-819x1024.jpeg 819w, https:\/\/victoria.gob.ar\/prensa\/wp-content\/uploads\/2026\/02\/WhatsApp-Image-2026-02-06-at-22.51.23-240x300.jpeg 240w, https:\/\/victoria.gob.ar\/prensa\/wp-content\/uploads\/2026\/02\/WhatsApp-Image-2026-02-06-at-22.51.23-768x960.jpeg 768w, https:\/\/victoria.gob.ar\/prensa\/wp-content\/uploads\/2026\/02\/WhatsApp-Image-2026-02-06-at-22.51.23.jpeg 1080w\" sizes=\"(max-width: 819px) 100vw, 819px\" \/><\/figure>\n","protected":false},"excerpt":{"rendered":"<p>La Municipalidad de Victoria contin\u00faa desarrollando la campa\u00f1a de esterilizaci\u00f3n canina sin arancel. El s\u00e1bado 7 de febrero, en\ud83d\udccd el CIC (Cochabamba y Passo), a partir de las \u231a 08:00&hellip; <\/p>\n","protected":false},"author":1,"featured_media":2566,"comment_status":"open","ping_status":"open","sticky":false,"template":"","format":"standard","meta":{"footnotes":""},"categories":[16],"tags":[],"class_list":["post-2565","post","type-post","status-publish","format-standard","has-post-thumbnail","hentry","category-castraciones"],"_links":{"self":[{"href":"https:\/\/victoria.gob.ar\/prensa\/wp-json\/wp\/v2\/posts\/2565","targetHints":{"allow":["GET"]}}],"collection":[{"href":"https:\/\/victoria.gob.ar\/prensa\/wp-json\/wp\/v2\/posts"}],"about":[{"href":"https:\/\/victoria.gob.ar\/prensa\/wp-json\/wp\/v2\/types\/post"}],"author":[{"embeddable":true,"href":"https:\/\/victoria.gob.ar\/prensa\/wp-json\/wp\/v2\/users\/1"}],"replies":[{"embeddable":true,"href":"https:\/\/victoria.gob.ar\/prensa\/wp-json\/wp\/v2\/comments?post=2565"}],"version-history":[{"count":1,"href":"https:\/\/victoria.gob.ar\/prensa\/wp-json\/wp\/v2\/posts\/2565\/revisions"}],"predecessor-version":[{"id":2567,"href":"https:\/\/victoria.gob.ar\/prensa\/wp-json\/wp\/v2\/posts\/2565\/revisions\/2567"}],"wp:featuredmedia":[{"embeddable":true,"href":"https:\/\/victoria.gob.ar\/prensa\/wp-json\/wp\/v2\/media\/2566"}],"wp:attachment":[{"href":"https:\/\/victoria.gob.ar\/prensa\/wp-json\/wp\/v2\/media?parent=2565"}],"wp:term":[{"taxonomy":"category","embeddable":true,"href":"https:\/\/victoria.gob.ar\/prensa\/wp-json\/wp\/v2\/categories?post=2565"},{"taxonomy":"post_tag","embeddable":true,"href":"https:\/\/victoria.gob.ar\/prensa\/wp-json\/wp\/v2\/tags?post=2565"}],"curies":[{"name":"wp","href":"https:\/\/api.w.org\/{rel}","templated":true}]}}