{"id":2546,"date":"2026-02-02T12:58:46","date_gmt":"2026-02-02T12:58:46","guid":{"rendered":"https:\/\/victoria.gob.ar\/prensa\/?p=2546"},"modified":"2026-02-03T12:59:55","modified_gmt":"2026-02-03T12:59:55","slug":"servicios-municipales-durante-el-martes-3-de-febrero","status":"publish","type":"post","link":"https:\/\/victoria.gob.ar\/prensa\/servicios-municipales-durante-el-martes-3-de-febrero\/","title":{"rendered":"SERVICIOS MUNICIPALES DURANTE EL MARTES 3 DE FEBRERO"},"content":{"rendered":"\n<p>La Municipalidad de Victoria informa a la comunidad los servicios que se brindar\u00e1n durante el feriado del martes 3 de febrero.<\/p>\n\n\n\n<p>\u2705 La Guardia de Seguridad y Control Urbano prestar\u00e1 servicios. Adem\u00e1s, ante el suceso de un evento que amerite, se podr\u00e1n activar las cuadrillas de emergencia.<\/p>\n\n\n\n<p>\u2705 La secci\u00f3n Seguridad Vial trabajar\u00e1 con normalidad desde su Cuerpo de Control de Tr\u00e1nsito.<\/p>\n\n\n\n<p>\u2705 La l\u00ednea del Centro de Atenci\u00f3n al Vecino, 147, funcionar\u00e1 con normalidad.<\/p>\n\n\n\n<p>\ud83d\udfe1 El TUM funcionar\u00e1 con l\u00ednea \u00fanica y horario reducido, de 07:00 a 13:00 h y de 16:00 a 20:00 h.<\/p>\n\n\n\n<p>\u274c No habr\u00e1 servicio de recolecci\u00f3n de residuos.<\/p>\n\n\n\n<p>\u274c No funcionar\u00e1 el Sistema de Estacionamiento Medido.<\/p>\n\n\n\n<p>\u274c No habr\u00e1 atenci\u00f3n al p\u00fablico por Mesa de Entrada.<\/p>\n\n\n\n<figure class=\"wp-block-gallery has-nested-images columns-default is-cropped wp-block-gallery-1 is-layout-flex wp-block-gallery-is-layout-flex\">\n<figure class=\"wp-block-image size-large\"><img fetchpriority=\"high\" decoding=\"async\" width=\"819\" height=\"1024\" data-id=\"2547\" src=\"https:\/\/victoria.gob.ar\/prensa\/wp-content\/uploads\/2026\/02\/WhatsApp-Image-2026-02-02-at-19.19.58-819x1024.jpeg\" alt=\"\" class=\"wp-image-2547\" srcset=\"https:\/\/victoria.gob.ar\/prensa\/wp-content\/uploads\/2026\/02\/WhatsApp-Image-2026-02-02-at-19.19.58-819x1024.jpeg 819w, https:\/\/victoria.gob.ar\/prensa\/wp-content\/uploads\/2026\/02\/WhatsApp-Image-2026-02-02-at-19.19.58-240x300.jpeg 240w, https:\/\/victoria.gob.ar\/prensa\/wp-content\/uploads\/2026\/02\/WhatsApp-Image-2026-02-02-at-19.19.58-768x960.jpeg 768w, https:\/\/victoria.gob.ar\/prensa\/wp-content\/uploads\/2026\/02\/WhatsApp-Image-2026-02-02-at-19.19.58.jpeg 1080w\" sizes=\"(max-width: 819px) 100vw, 819px\" \/><\/figure>\n\n\n\n<figure class=\"wp-block-image size-large\"><img decoding=\"async\" width=\"819\" height=\"1024\" data-id=\"2548\" src=\"https:\/\/victoria.gob.ar\/prensa\/wp-content\/uploads\/2026\/02\/WhatsApp-Image-2026-02-02-at-19.19.59-819x1024.jpeg\" alt=\"\" class=\"wp-image-2548\" srcset=\"https:\/\/victoria.gob.ar\/prensa\/wp-content\/uploads\/2026\/02\/WhatsApp-Image-2026-02-02-at-19.19.59-819x1024.jpeg 819w, https:\/\/victoria.gob.ar\/prensa\/wp-content\/uploads\/2026\/02\/WhatsApp-Image-2026-02-02-at-19.19.59-240x300.jpeg 240w, https:\/\/victoria.gob.ar\/prensa\/wp-content\/uploads\/2026\/02\/WhatsApp-Image-2026-02-02-at-19.19.59-768x960.jpeg 768w, https:\/\/victoria.gob.ar\/prensa\/wp-content\/uploads\/2026\/02\/WhatsApp-Image-2026-02-02-at-19.19.59.jpeg 1080w\" sizes=\"(max-width: 819px) 100vw, 819px\" \/><\/figure>\n\n\n\n<figure class=\"wp-block-image size-large\"><img decoding=\"async\" width=\"819\" height=\"1024\" data-id=\"2549\" src=\"https:\/\/victoria.gob.ar\/prensa\/wp-content\/uploads\/2026\/02\/WhatsApp-Image-2026-02-02-at-19.19.59-1-819x1024.jpeg\" alt=\"\" class=\"wp-image-2549\" srcset=\"https:\/\/victoria.gob.ar\/prensa\/wp-content\/uploads\/2026\/02\/WhatsApp-Image-2026-02-02-at-19.19.59-1-819x1024.jpeg 819w, https:\/\/victoria.gob.ar\/prensa\/wp-content\/uploads\/2026\/02\/WhatsApp-Image-2026-02-02-at-19.19.59-1-240x300.jpeg 240w, https:\/\/victoria.gob.ar\/prensa\/wp-content\/uploads\/2026\/02\/WhatsApp-Image-2026-02-02-at-19.19.59-1-768x960.jpeg 768w, https:\/\/victoria.gob.ar\/prensa\/wp-content\/uploads\/2026\/02\/WhatsApp-Image-2026-02-02-at-19.19.59-1.jpeg 1080w\" sizes=\"(max-width: 819px) 100vw, 819px\" \/><\/figure>\n<\/figure>\n","protected":false},"excerpt":{"rendered":"<p>La Municipalidad de Victoria informa a la comunidad los servicios que se brindar\u00e1n durante el feriado del martes 3 de febrero. \u2705 La Guardia de Seguridad y Control Urbano prestar\u00e1&hellip; <\/p>\n","protected":false},"author":1,"featured_media":2547,"comment_status":"open","ping_status":"open","sticky":false,"template":"","format":"standard","meta":{"footnotes":""},"categories":[8],"tags":[],"class_list":["post-2546","post","type-post","status-publish","format-standard","has-post-thumbnail","hentry","category-municipales"],"_links":{"self":[{"href":"https:\/\/victoria.gob.ar\/prensa\/wp-json\/wp\/v2\/posts\/2546","targetHints":{"allow":["GET"]}}],"collection":[{"href":"https:\/\/victoria.gob.ar\/prensa\/wp-json\/wp\/v2\/posts"}],"about":[{"href":"https:\/\/victoria.gob.ar\/prensa\/wp-json\/wp\/v2\/types\/post"}],"author":[{"embeddable":true,"href":"https:\/\/victoria.gob.ar\/prensa\/wp-json\/wp\/v2\/users\/1"}],"replies":[{"embeddable":true,"href":"https:\/\/victoria.gob.ar\/prensa\/wp-json\/wp\/v2\/comments?post=2546"}],"version-history":[{"count":1,"href":"https:\/\/victoria.gob.ar\/prensa\/wp-json\/wp\/v2\/posts\/2546\/revisions"}],"predecessor-version":[{"id":2550,"href":"https:\/\/victoria.gob.ar\/prensa\/wp-json\/wp\/v2\/posts\/2546\/revisions\/2550"}],"wp:featuredmedia":[{"embeddable":true,"href":"https:\/\/victoria.gob.ar\/prensa\/wp-json\/wp\/v2\/media\/2547"}],"wp:attachment":[{"href":"https:\/\/victoria.gob.ar\/prensa\/wp-json\/wp\/v2\/media?parent=2546"}],"wp:term":[{"taxonomy":"category","embeddable":true,"href":"https:\/\/victoria.gob.ar\/prensa\/wp-json\/wp\/v2\/categories?post=2546"},{"taxonomy":"post_tag","embeddable":true,"href":"https:\/\/victoria.gob.ar\/prensa\/wp-json\/wp\/v2\/tags?post=2546"}],"curies":[{"name":"wp","href":"https:\/\/api.w.org\/{rel}","templated":true}]}}