{"id":2520,"date":"2026-01-24T22:55:01","date_gmt":"2026-01-24T22:55:01","guid":{"rendered":"https:\/\/victoria.gob.ar\/prensa\/?p=2520"},"modified":"2026-01-24T22:55:02","modified_gmt":"2026-01-24T22:55:02","slug":"se-refuerzan-las-tareas-de-fumigacion","status":"publish","type":"post","link":"https:\/\/victoria.gob.ar\/prensa\/se-refuerzan-las-tareas-de-fumigacion\/","title":{"rendered":"SE REFUERZAN LAS TAREAS DE FUMIGACI\u00d3N"},"content":{"rendered":"\n<p>La Municipalidad de Victoria reforz\u00f3 las tareas de fumigaci\u00f3n en el circuito del carnaval, en el marco de los preparativos para el desarrollo de la primera noche de nuestra Fiesta Mayor.<\/p>\n\n\n\n<p>Desde el 16 de octubre de 2025 se viene implementando un plan sostenido de fumigaci\u00f3n en distintos sectores de la ciudad, con el objetivo de prevenir la proliferaci\u00f3n de mosquitos y mejorar las condiciones sanitarias.<\/p>\n\n\n\n<p>Estas acciones forman parte de un trabajo permanente, pero es fundamental el compromiso de la comunidad para acompa\u00f1ar las tareas de prevenci\u00f3n.<\/p>\n\n\n\n<p>Sobre los productos utilizados<\/p>\n\n\n\n<p>En la primera etapa del plan se utiliz\u00f3 larvicida, un producto inocuo para las personas, que act\u00faa directamente sobre la larva del mosquito. Adem\u00e1s, se aplica insecticida derribante marca DEPE, compuesto a base de permetrina, avalado y recomendado por los organismos de Salud P\u00fablica en el \u00e1mbito nacional y provincial.<\/p>\n\n\n\n<p>Paralelamente, se trabaja con ovitrampas, una herramienta utilizada para la vigilancia vectorial del mosquito Aedes aegypti, transmisor del dengue. A trav\u00e9s de este sistema se releva la presencia del mosquito por zonas, permitiendo medir, evaluar y comparar datos para una intervenci\u00f3n m\u00e1s precisa.<\/p>\n\n\n\n<p>La fumigaci\u00f3n es importante, pero no alcanza por s\u00ed sola. La prevenci\u00f3n tambi\u00e9n depende del compromiso de todos.<\/p>\n\n\n\n<figure class=\"wp-block-video\"><video height=\"848\" style=\"aspect-ratio: 472 \/ 848;\" width=\"472\" controls src=\"https:\/\/victoria.gob.ar\/prensa\/wp-content\/uploads\/2026\/01\/WhatsApp-Video-2026-01-24-at-19.46.43.mp4\" playsinline><\/video><\/figure>\n","protected":false},"excerpt":{"rendered":"<p>La Municipalidad de Victoria reforz\u00f3 las tareas de fumigaci\u00f3n en el circuito del carnaval, en el marco de los preparativos para el desarrollo de la primera noche de nuestra Fiesta&hellip; <\/p>\n","protected":false},"author":1,"featured_media":2517,"comment_status":"open","ping_status":"open","sticky":false,"template":"","format":"standard","meta":{"footnotes":""},"categories":[12],"tags":[],"class_list":["post-2520","post","type-post","status-publish","format-standard","has-post-thumbnail","hentry","category-limpieza"],"_links":{"self":[{"href":"https:\/\/victoria.gob.ar\/prensa\/wp-json\/wp\/v2\/posts\/2520","targetHints":{"allow":["GET"]}}],"collection":[{"href":"https:\/\/victoria.gob.ar\/prensa\/wp-json\/wp\/v2\/posts"}],"about":[{"href":"https:\/\/victoria.gob.ar\/prensa\/wp-json\/wp\/v2\/types\/post"}],"author":[{"embeddable":true,"href":"https:\/\/victoria.gob.ar\/prensa\/wp-json\/wp\/v2\/users\/1"}],"replies":[{"embeddable":true,"href":"https:\/\/victoria.gob.ar\/prensa\/wp-json\/wp\/v2\/comments?post=2520"}],"version-history":[{"count":1,"href":"https:\/\/victoria.gob.ar\/prensa\/wp-json\/wp\/v2\/posts\/2520\/revisions"}],"predecessor-version":[{"id":2522,"href":"https:\/\/victoria.gob.ar\/prensa\/wp-json\/wp\/v2\/posts\/2520\/revisions\/2522"}],"wp:featuredmedia":[{"embeddable":true,"href":"https:\/\/victoria.gob.ar\/prensa\/wp-json\/wp\/v2\/media\/2517"}],"wp:attachment":[{"href":"https:\/\/victoria.gob.ar\/prensa\/wp-json\/wp\/v2\/media?parent=2520"}],"wp:term":[{"taxonomy":"category","embeddable":true,"href":"https:\/\/victoria.gob.ar\/prensa\/wp-json\/wp\/v2\/categories?post=2520"},{"taxonomy":"post_tag","embeddable":true,"href":"https:\/\/victoria.gob.ar\/prensa\/wp-json\/wp\/v2\/tags?post=2520"}],"curies":[{"name":"wp","href":"https:\/\/api.w.org\/{rel}","templated":true}]}}