{"id":2512,"date":"2025-12-17T22:42:32","date_gmt":"2025-12-17T22:42:32","guid":{"rendered":"https:\/\/victoria.gob.ar\/prensa\/?p=2512"},"modified":"2026-01-24T22:43:45","modified_gmt":"2026-01-24T22:43:45","slug":"avanza-el-plan-de-fumigacion-contra-mosquitos-en-la-ciudad","status":"publish","type":"post","link":"https:\/\/victoria.gob.ar\/prensa\/avanza-el-plan-de-fumigacion-contra-mosquitos-en-la-ciudad\/","title":{"rendered":"AVANZA EL PLAN DE FUMIGACI\u00d3N CONTRA MOSQUITOS EN LA CIUDAD"},"content":{"rendered":"\n<p>Desde el 16 de octubre, la Municipalidad de Victoria lleva adelante el Plan de Fumigaci\u00f3n en distintos sectores de la ciudad como parte de las acciones de prevenci\u00f3n y cuidado de la salud.<\/p>\n\n\n\n<p>En una primera etapa se utiliz\u00f3 larvicida, un producto inocuo para las personas, que act\u00faa directamente sobre la larva del mosquito. Adem\u00e1s, se aplica insecticida derribante marca DEPE, compuesto a base de permetrina, avalado y recomendado por los organismos de Salud P\u00fablica en el \u00e1mbito nacional y provincial.<\/p>\n\n\n\n<p>Paralelamente, se trabaja con ovitrampas, una herramienta utilizada para la vigilancia vectorial del mosquito Aedes aegypti, transmisor del dengue. A trav\u00e9s de este sistema se releva la presencia del mosquito por zonas, permitiendo medir, evaluar y comparar datos para una intervenci\u00f3n m\u00e1s precisa.<\/p>\n\n\n\n<p>La fumigaci\u00f3n es importante, pero no alcanza por s\u00ed sola. La prevenci\u00f3n tambi\u00e9n depende del compromiso de todos.<\/p>\n\n\n\n<figure class=\"wp-block-gallery has-nested-images columns-default is-cropped wp-block-gallery-1 is-layout-flex wp-block-gallery-is-layout-flex\">\n<figure class=\"wp-block-image size-large\"><img fetchpriority=\"high\" decoding=\"async\" width=\"819\" height=\"1024\" data-id=\"2517\" src=\"https:\/\/victoria.gob.ar\/prensa\/wp-content\/uploads\/2026\/01\/599960239_1285872953567636_851910130212983143_n-819x1024.jpg\" alt=\"\" class=\"wp-image-2517\" srcset=\"https:\/\/victoria.gob.ar\/prensa\/wp-content\/uploads\/2026\/01\/599960239_1285872953567636_851910130212983143_n-819x1024.jpg 819w, https:\/\/victoria.gob.ar\/prensa\/wp-content\/uploads\/2026\/01\/599960239_1285872953567636_851910130212983143_n-240x300.jpg 240w, https:\/\/victoria.gob.ar\/prensa\/wp-content\/uploads\/2026\/01\/599960239_1285872953567636_851910130212983143_n-768x960.jpg 768w, https:\/\/victoria.gob.ar\/prensa\/wp-content\/uploads\/2026\/01\/599960239_1285872953567636_851910130212983143_n.jpg 1080w\" sizes=\"(max-width: 819px) 100vw, 819px\" \/><\/figure>\n\n\n\n<figure class=\"wp-block-image size-large\"><img decoding=\"async\" width=\"819\" height=\"1024\" data-id=\"2518\" src=\"https:\/\/victoria.gob.ar\/prensa\/wp-content\/uploads\/2026\/01\/2-819x1024.jpg\" alt=\"\" class=\"wp-image-2518\" srcset=\"https:\/\/victoria.gob.ar\/prensa\/wp-content\/uploads\/2026\/01\/2-819x1024.jpg 819w, https:\/\/victoria.gob.ar\/prensa\/wp-content\/uploads\/2026\/01\/2-240x300.jpg 240w, https:\/\/victoria.gob.ar\/prensa\/wp-content\/uploads\/2026\/01\/2-768x960.jpg 768w, https:\/\/victoria.gob.ar\/prensa\/wp-content\/uploads\/2026\/01\/2.jpg 1080w\" sizes=\"(max-width: 819px) 100vw, 819px\" \/><\/figure>\n\n\n\n<figure class=\"wp-block-image size-large\"><img decoding=\"async\" width=\"819\" height=\"1024\" data-id=\"2516\" src=\"https:\/\/victoria.gob.ar\/prensa\/wp-content\/uploads\/2026\/01\/3-819x1024.jpg\" alt=\"\" class=\"wp-image-2516\" srcset=\"https:\/\/victoria.gob.ar\/prensa\/wp-content\/uploads\/2026\/01\/3-819x1024.jpg 819w, https:\/\/victoria.gob.ar\/prensa\/wp-content\/uploads\/2026\/01\/3-240x300.jpg 240w, https:\/\/victoria.gob.ar\/prensa\/wp-content\/uploads\/2026\/01\/3-768x960.jpg 768w, https:\/\/victoria.gob.ar\/prensa\/wp-content\/uploads\/2026\/01\/3.jpg 1080w\" sizes=\"(max-width: 819px) 100vw, 819px\" \/><\/figure>\n\n\n\n<figure class=\"wp-block-image size-large\"><img loading=\"lazy\" decoding=\"async\" width=\"819\" height=\"1024\" data-id=\"2513\" src=\"https:\/\/victoria.gob.ar\/prensa\/wp-content\/uploads\/2026\/01\/6-819x1024.jpg\" alt=\"\" class=\"wp-image-2513\" srcset=\"https:\/\/victoria.gob.ar\/prensa\/wp-content\/uploads\/2026\/01\/6-819x1024.jpg 819w, https:\/\/victoria.gob.ar\/prensa\/wp-content\/uploads\/2026\/01\/6-240x300.jpg 240w, https:\/\/victoria.gob.ar\/prensa\/wp-content\/uploads\/2026\/01\/6-768x960.jpg 768w, https:\/\/victoria.gob.ar\/prensa\/wp-content\/uploads\/2026\/01\/6.jpg 1080w\" sizes=\"(max-width: 819px) 100vw, 819px\" \/><\/figure>\n\n\n\n<figure class=\"wp-block-image size-large\"><img loading=\"lazy\" decoding=\"async\" width=\"819\" height=\"1024\" data-id=\"2514\" src=\"https:\/\/victoria.gob.ar\/prensa\/wp-content\/uploads\/2026\/01\/5-819x1024.jpg\" alt=\"\" class=\"wp-image-2514\" srcset=\"https:\/\/victoria.gob.ar\/prensa\/wp-content\/uploads\/2026\/01\/5-819x1024.jpg 819w, https:\/\/victoria.gob.ar\/prensa\/wp-content\/uploads\/2026\/01\/5-240x300.jpg 240w, https:\/\/victoria.gob.ar\/prensa\/wp-content\/uploads\/2026\/01\/5-768x960.jpg 768w, https:\/\/victoria.gob.ar\/prensa\/wp-content\/uploads\/2026\/01\/5.jpg 1080w\" sizes=\"(max-width: 819px) 100vw, 819px\" \/><\/figure>\n\n\n\n<figure class=\"wp-block-image size-large\"><img loading=\"lazy\" decoding=\"async\" width=\"1080\" height=\"1350\" data-id=\"2515\" src=\"https:\/\/victoria.gob.ar\/prensa\/wp-content\/uploads\/2026\/01\/4-819x1024.jpg\" alt=\"\" class=\"wp-image-2515\" srcset=\"https:\/\/victoria.gob.ar\/prensa\/wp-content\/uploads\/2026\/01\/4-819x1024.jpg 819w, https:\/\/victoria.gob.ar\/prensa\/wp-content\/uploads\/2026\/01\/4-240x300.jpg 240w, https:\/\/victoria.gob.ar\/prensa\/wp-content\/uploads\/2026\/01\/4-768x960.jpg 768w, https:\/\/victoria.gob.ar\/prensa\/wp-content\/uploads\/2026\/01\/4.jpg 1080w\" sizes=\"(max-width: 1080px) 100vw, 1080px\" \/><\/figure>\n<\/figure>\n","protected":false},"excerpt":{"rendered":"<p>Desde el 16 de octubre, la Municipalidad de Victoria lleva adelante el Plan de Fumigaci\u00f3n en distintos sectores de la ciudad como parte de las acciones de prevenci\u00f3n y cuidado&hellip; <\/p>\n","protected":false},"author":1,"featured_media":2517,"comment_status":"open","ping_status":"open","sticky":false,"template":"","format":"standard","meta":{"footnotes":""},"categories":[12,4],"tags":[],"class_list":["post-2512","post","type-post","status-publish","format-standard","has-post-thumbnail","hentry","category-limpieza","category-salud"],"_links":{"self":[{"href":"https:\/\/victoria.gob.ar\/prensa\/wp-json\/wp\/v2\/posts\/2512","targetHints":{"allow":["GET"]}}],"collection":[{"href":"https:\/\/victoria.gob.ar\/prensa\/wp-json\/wp\/v2\/posts"}],"about":[{"href":"https:\/\/victoria.gob.ar\/prensa\/wp-json\/wp\/v2\/types\/post"}],"author":[{"embeddable":true,"href":"https:\/\/victoria.gob.ar\/prensa\/wp-json\/wp\/v2\/users\/1"}],"replies":[{"embeddable":true,"href":"https:\/\/victoria.gob.ar\/prensa\/wp-json\/wp\/v2\/comments?post=2512"}],"version-history":[{"count":1,"href":"https:\/\/victoria.gob.ar\/prensa\/wp-json\/wp\/v2\/posts\/2512\/revisions"}],"predecessor-version":[{"id":2519,"href":"https:\/\/victoria.gob.ar\/prensa\/wp-json\/wp\/v2\/posts\/2512\/revisions\/2519"}],"wp:featuredmedia":[{"embeddable":true,"href":"https:\/\/victoria.gob.ar\/prensa\/wp-json\/wp\/v2\/media\/2517"}],"wp:attachment":[{"href":"https:\/\/victoria.gob.ar\/prensa\/wp-json\/wp\/v2\/media?parent=2512"}],"wp:term":[{"taxonomy":"category","embeddable":true,"href":"https:\/\/victoria.gob.ar\/prensa\/wp-json\/wp\/v2\/categories?post=2512"},{"taxonomy":"post_tag","embeddable":true,"href":"https:\/\/victoria.gob.ar\/prensa\/wp-json\/wp\/v2\/tags?post=2512"}],"curies":[{"name":"wp","href":"https:\/\/api.w.org\/{rel}","templated":true}]}}