{"id":2502,"date":"2026-01-22T12:52:33","date_gmt":"2026-01-22T12:52:33","guid":{"rendered":"https:\/\/victoria.gob.ar\/prensa\/?p=2502"},"modified":"2026-01-22T12:52:34","modified_gmt":"2026-01-22T12:52:34","slug":"te-contamos-mas-sobre-melanie-giuliana-gerdau-postulante-nro-2-para-representante-departamental-del-carnaval-edicion-2026","status":"publish","type":"post","link":"https:\/\/victoria.gob.ar\/prensa\/te-contamos-mas-sobre-melanie-giuliana-gerdau-postulante-nro-2-para-representante-departamental-del-carnaval-edicion-2026\/","title":{"rendered":"Te contamos m\u00e1s sobre Melanie Giuliana Gerdau, postulante nro. 2 para Representante Departamental del Carnaval Edici\u00f3n 2026."},"content":{"rendered":"\n<p>Representa a: L&amp;L Belleza y Bienestar.<br>Edad: 22 a\u00f1os.<br>Signo zodiacal: \u264a G\u00e9minis.<br>Estudios: Instructora de Ritmos, profesora de Danzas Cl\u00e1sicas y modelo profesional.<br>Hobbies: Crear contenido digital en redes sociales, buscando capturar la belleza natural y cultural de su entorno para compartirla con el mundo.<br>Lo m\u00e1s importante de su vida: Por encima de cualquier logro profesional, su mayor orgullo son las personas que est\u00e1n a diario con ella, son su mayor inspiraci\u00f3n y el motivo principal detr\u00e1s de cada esfuerzo.<br>\u00bfQu\u00e9 significa el carnaval para ella? Es el lenguaje del alma en el que todos hablamos el mismo idioma, el de la alegr\u00eda. Representa el abrazo m\u00e1s grande de nuestra ciudad, donde desaparecen las diferencias y nos convertimos en un solo coraz\u00f3n que late al ritmo de las batucadas. Es ver la sonrisa de un ni\u00f1o y la emoci\u00f3n de un abuelo unidas en una misma vereda. En definitiva, es la prueba de que, cuando estamos juntos, la vida es una verdadera fiesta.<br>Aspiraciones: Su postulaci\u00f3n es para ser una embajadora de la gesti\u00f3n y la escucha. Quiere ser el nexo que recoja las necesidades de cada comparsa, cada artesano y cada vecino para que juntos impulsen proyectos para que el carnaval crezca a\u00f1o tras a\u00f1o. Su visi\u00f3n es clara: si el carnaval crece, Victoria crece. Cuando potenciamos nuestra fiesta no solo crece el espect\u00e1culo, sino tambi\u00e9n el turismo y la cultura de nuestra ciudad, beneficiando a nuestros alojamientos, locales de comida y todo el comercio local.<\/p>\n\n\n\n<figure class=\"wp-block-gallery has-nested-images columns-default is-cropped wp-block-gallery-1 is-layout-flex wp-block-gallery-is-layout-flex\">\n<figure class=\"wp-block-image size-large\"><img fetchpriority=\"high\" decoding=\"async\" width=\"1024\" height=\"683\" data-id=\"2504\" src=\"https:\/\/victoria.gob.ar\/prensa\/wp-content\/uploads\/2026\/01\/WhatsApp-Image-2026-01-21-at-10.33.07-1-1024x683.jpeg\" alt=\"\" class=\"wp-image-2504\" srcset=\"https:\/\/victoria.gob.ar\/prensa\/wp-content\/uploads\/2026\/01\/WhatsApp-Image-2026-01-21-at-10.33.07-1-1024x683.jpeg 1024w, https:\/\/victoria.gob.ar\/prensa\/wp-content\/uploads\/2026\/01\/WhatsApp-Image-2026-01-21-at-10.33.07-1-300x200.jpeg 300w, https:\/\/victoria.gob.ar\/prensa\/wp-content\/uploads\/2026\/01\/WhatsApp-Image-2026-01-21-at-10.33.07-1-768x512.jpeg 768w, https:\/\/victoria.gob.ar\/prensa\/wp-content\/uploads\/2026\/01\/WhatsApp-Image-2026-01-21-at-10.33.07-1.jpeg 1368w\" sizes=\"(max-width: 1024px) 100vw, 1024px\" \/><\/figure>\n\n\n\n<figure class=\"wp-block-image size-large\"><img decoding=\"async\" width=\"1024\" height=\"683\" data-id=\"2503\" src=\"https:\/\/victoria.gob.ar\/prensa\/wp-content\/uploads\/2026\/01\/WhatsApp-Image-2026-01-21-at-10.33.07-1024x683.jpeg\" alt=\"\" class=\"wp-image-2503\" srcset=\"https:\/\/victoria.gob.ar\/prensa\/wp-content\/uploads\/2026\/01\/WhatsApp-Image-2026-01-21-at-10.33.07-1024x683.jpeg 1024w, https:\/\/victoria.gob.ar\/prensa\/wp-content\/uploads\/2026\/01\/WhatsApp-Image-2026-01-21-at-10.33.07-300x200.jpeg 300w, https:\/\/victoria.gob.ar\/prensa\/wp-content\/uploads\/2026\/01\/WhatsApp-Image-2026-01-21-at-10.33.07-768x512.jpeg 768w, https:\/\/victoria.gob.ar\/prensa\/wp-content\/uploads\/2026\/01\/WhatsApp-Image-2026-01-21-at-10.33.07.jpeg 1368w\" sizes=\"(max-width: 1024px) 100vw, 1024px\" \/><\/figure>\n<\/figure>\n","protected":false},"excerpt":{"rendered":"<p>Representa a: L&amp;L Belleza y Bienestar.Edad: 22 a\u00f1os.Signo zodiacal: \u264a G\u00e9minis.Estudios: Instructora de Ritmos, profesora de Danzas Cl\u00e1sicas y modelo profesional.Hobbies: Crear contenido digital en redes sociales, buscando capturar la&hellip; <\/p>\n","protected":false},"author":1,"featured_media":2505,"comment_status":"open","ping_status":"open","sticky":false,"template":"","format":"standard","meta":{"footnotes":""},"categories":[6],"tags":[],"class_list":["post-2502","post","type-post","status-publish","format-standard","has-post-thumbnail","hentry","category-carnaval"],"_links":{"self":[{"href":"https:\/\/victoria.gob.ar\/prensa\/wp-json\/wp\/v2\/posts\/2502","targetHints":{"allow":["GET"]}}],"collection":[{"href":"https:\/\/victoria.gob.ar\/prensa\/wp-json\/wp\/v2\/posts"}],"about":[{"href":"https:\/\/victoria.gob.ar\/prensa\/wp-json\/wp\/v2\/types\/post"}],"author":[{"embeddable":true,"href":"https:\/\/victoria.gob.ar\/prensa\/wp-json\/wp\/v2\/users\/1"}],"replies":[{"embeddable":true,"href":"https:\/\/victoria.gob.ar\/prensa\/wp-json\/wp\/v2\/comments?post=2502"}],"version-history":[{"count":1,"href":"https:\/\/victoria.gob.ar\/prensa\/wp-json\/wp\/v2\/posts\/2502\/revisions"}],"predecessor-version":[{"id":2506,"href":"https:\/\/victoria.gob.ar\/prensa\/wp-json\/wp\/v2\/posts\/2502\/revisions\/2506"}],"wp:featuredmedia":[{"embeddable":true,"href":"https:\/\/victoria.gob.ar\/prensa\/wp-json\/wp\/v2\/media\/2505"}],"wp:attachment":[{"href":"https:\/\/victoria.gob.ar\/prensa\/wp-json\/wp\/v2\/media?parent=2502"}],"wp:term":[{"taxonomy":"category","embeddable":true,"href":"https:\/\/victoria.gob.ar\/prensa\/wp-json\/wp\/v2\/categories?post=2502"},{"taxonomy":"post_tag","embeddable":true,"href":"https:\/\/victoria.gob.ar\/prensa\/wp-json\/wp\/v2\/tags?post=2502"}],"curies":[{"name":"wp","href":"https:\/\/api.w.org\/{rel}","templated":true}]}}