{"id":2492,"date":"2026-01-21T12:45:06","date_gmt":"2026-01-21T12:45:06","guid":{"rendered":"https:\/\/victoria.gob.ar\/prensa\/?p=2492"},"modified":"2026-01-22T12:46:56","modified_gmt":"2026-01-22T12:46:56","slug":"el-equipo-de-carpinteria-municipal-realizo-un-bello-aporte-en-el-predio-de-la-vieja-estacion-%f0%9f%91%8f%f0%9f%8f%bc%f0%9f%aa%b5","status":"publish","type":"post","link":"https:\/\/victoria.gob.ar\/prensa\/el-equipo-de-carpinteria-municipal-realizo-un-bello-aporte-en-el-predio-de-la-vieja-estacion-%f0%9f%91%8f%f0%9f%8f%bc%f0%9f%aa%b5\/","title":{"rendered":"\u00a1EL EQUIPO DE CARPINTER\u00cdA MUNICIPAL REALIZ\u00d3 UN BELLO APORTE EN EL PREDIO DE LA VIEJA ESTACI\u00d3N! \ud83d\udc4f\ud83c\udffc\ud83e\udeb5"},"content":{"rendered":"\n<p>\ud83e\udd14 \u00bfSab\u00edas que en el corral\u00f3n municipal se cuenta con un \u00e1rea dedicada exclusivamente a la carpinter\u00eda? Desde all\u00ed se realizan arreglos, restauraciones y tambi\u00e9n nuevos proyectos en madera.<\/p>\n\n\n\n<p>En esta oportunidad, construyeron un hermoso puente para el predio de la Vieja Estaci\u00f3n, que reemplaza a la antigua losa deteriorada que cubr\u00eda la zanja de desag\u00fce pluvial. Un gesto para seguir cuidando y embelleciendo nuestros espacios p\u00fablicos.<\/p>\n\n\n\n<figure class=\"wp-block-gallery has-nested-images columns-default is-cropped wp-block-gallery-1 is-layout-flex wp-block-gallery-is-layout-flex\">\n<figure class=\"wp-block-image size-large\"><img fetchpriority=\"high\" decoding=\"async\" width=\"1024\" height=\"768\" data-id=\"2493\" src=\"https:\/\/victoria.gob.ar\/prensa\/wp-content\/uploads\/2026\/01\/WhatsApp-Image-2026-01-21-at-08.55.03-2-1024x768.jpeg\" alt=\"\" class=\"wp-image-2493\" srcset=\"https:\/\/victoria.gob.ar\/prensa\/wp-content\/uploads\/2026\/01\/WhatsApp-Image-2026-01-21-at-08.55.03-2-1024x768.jpeg 1024w, https:\/\/victoria.gob.ar\/prensa\/wp-content\/uploads\/2026\/01\/WhatsApp-Image-2026-01-21-at-08.55.03-2-300x225.jpeg 300w, https:\/\/victoria.gob.ar\/prensa\/wp-content\/uploads\/2026\/01\/WhatsApp-Image-2026-01-21-at-08.55.03-2-768x576.jpeg 768w, https:\/\/victoria.gob.ar\/prensa\/wp-content\/uploads\/2026\/01\/WhatsApp-Image-2026-01-21-at-08.55.03-2.jpeg 1280w\" sizes=\"(max-width: 1024px) 100vw, 1024px\" \/><\/figure>\n\n\n\n<figure class=\"wp-block-image size-large\"><img decoding=\"async\" width=\"1024\" height=\"768\" data-id=\"2494\" src=\"https:\/\/victoria.gob.ar\/prensa\/wp-content\/uploads\/2026\/01\/WhatsApp-Image-2026-01-21-at-08.55.03-1-1024x768.jpeg\" alt=\"\" class=\"wp-image-2494\" srcset=\"https:\/\/victoria.gob.ar\/prensa\/wp-content\/uploads\/2026\/01\/WhatsApp-Image-2026-01-21-at-08.55.03-1-1024x768.jpeg 1024w, https:\/\/victoria.gob.ar\/prensa\/wp-content\/uploads\/2026\/01\/WhatsApp-Image-2026-01-21-at-08.55.03-1-300x225.jpeg 300w, https:\/\/victoria.gob.ar\/prensa\/wp-content\/uploads\/2026\/01\/WhatsApp-Image-2026-01-21-at-08.55.03-1-768x576.jpeg 768w, https:\/\/victoria.gob.ar\/prensa\/wp-content\/uploads\/2026\/01\/WhatsApp-Image-2026-01-21-at-08.55.03-1.jpeg 1280w\" sizes=\"(max-width: 1024px) 100vw, 1024px\" \/><\/figure>\n\n\n\n<figure class=\"wp-block-image size-large\"><img decoding=\"async\" width=\"1024\" height=\"768\" data-id=\"2495\" src=\"https:\/\/victoria.gob.ar\/prensa\/wp-content\/uploads\/2026\/01\/WhatsApp-Image-2026-01-21-at-08.55.03-1024x768.jpeg\" alt=\"\" class=\"wp-image-2495\" srcset=\"https:\/\/victoria.gob.ar\/prensa\/wp-content\/uploads\/2026\/01\/WhatsApp-Image-2026-01-21-at-08.55.03-1024x768.jpeg 1024w, https:\/\/victoria.gob.ar\/prensa\/wp-content\/uploads\/2026\/01\/WhatsApp-Image-2026-01-21-at-08.55.03-300x225.jpeg 300w, https:\/\/victoria.gob.ar\/prensa\/wp-content\/uploads\/2026\/01\/WhatsApp-Image-2026-01-21-at-08.55.03-768x576.jpeg 768w, https:\/\/victoria.gob.ar\/prensa\/wp-content\/uploads\/2026\/01\/WhatsApp-Image-2026-01-21-at-08.55.03.jpeg 1280w\" sizes=\"(max-width: 1024px) 100vw, 1024px\" \/><\/figure>\n\n\n\n<figure class=\"wp-block-image size-large\"><img loading=\"lazy\" decoding=\"async\" width=\"1024\" height=\"768\" data-id=\"2496\" src=\"https:\/\/victoria.gob.ar\/prensa\/wp-content\/uploads\/2026\/01\/WhatsApp-Image-2026-01-21-at-08.55.02-1024x768.jpeg\" alt=\"\" class=\"wp-image-2496\" srcset=\"https:\/\/victoria.gob.ar\/prensa\/wp-content\/uploads\/2026\/01\/WhatsApp-Image-2026-01-21-at-08.55.02-1024x768.jpeg 1024w, https:\/\/victoria.gob.ar\/prensa\/wp-content\/uploads\/2026\/01\/WhatsApp-Image-2026-01-21-at-08.55.02-300x225.jpeg 300w, https:\/\/victoria.gob.ar\/prensa\/wp-content\/uploads\/2026\/01\/WhatsApp-Image-2026-01-21-at-08.55.02-768x576.jpeg 768w, https:\/\/victoria.gob.ar\/prensa\/wp-content\/uploads\/2026\/01\/WhatsApp-Image-2026-01-21-at-08.55.02.jpeg 1280w\" sizes=\"(max-width: 1024px) 100vw, 1024px\" \/><\/figure>\n<\/figure>\n","protected":false},"excerpt":{"rendered":"<p>\ud83e\udd14 \u00bfSab\u00edas que en el corral\u00f3n municipal se cuenta con un \u00e1rea dedicada exclusivamente a la carpinter\u00eda? Desde all\u00ed se realizan arreglos, restauraciones y tambi\u00e9n nuevos proyectos en madera. En&hellip; <\/p>\n","protected":false},"author":1,"featured_media":2495,"comment_status":"open","ping_status":"open","sticky":false,"template":"","format":"standard","meta":{"footnotes":""},"categories":[8],"tags":[],"class_list":["post-2492","post","type-post","status-publish","format-standard","has-post-thumbnail","hentry","category-municipales"],"_links":{"self":[{"href":"https:\/\/victoria.gob.ar\/prensa\/wp-json\/wp\/v2\/posts\/2492","targetHints":{"allow":["GET"]}}],"collection":[{"href":"https:\/\/victoria.gob.ar\/prensa\/wp-json\/wp\/v2\/posts"}],"about":[{"href":"https:\/\/victoria.gob.ar\/prensa\/wp-json\/wp\/v2\/types\/post"}],"author":[{"embeddable":true,"href":"https:\/\/victoria.gob.ar\/prensa\/wp-json\/wp\/v2\/users\/1"}],"replies":[{"embeddable":true,"href":"https:\/\/victoria.gob.ar\/prensa\/wp-json\/wp\/v2\/comments?post=2492"}],"version-history":[{"count":1,"href":"https:\/\/victoria.gob.ar\/prensa\/wp-json\/wp\/v2\/posts\/2492\/revisions"}],"predecessor-version":[{"id":2497,"href":"https:\/\/victoria.gob.ar\/prensa\/wp-json\/wp\/v2\/posts\/2492\/revisions\/2497"}],"wp:featuredmedia":[{"embeddable":true,"href":"https:\/\/victoria.gob.ar\/prensa\/wp-json\/wp\/v2\/media\/2495"}],"wp:attachment":[{"href":"https:\/\/victoria.gob.ar\/prensa\/wp-json\/wp\/v2\/media?parent=2492"}],"wp:term":[{"taxonomy":"category","embeddable":true,"href":"https:\/\/victoria.gob.ar\/prensa\/wp-json\/wp\/v2\/categories?post=2492"},{"taxonomy":"post_tag","embeddable":true,"href":"https:\/\/victoria.gob.ar\/prensa\/wp-json\/wp\/v2\/tags?post=2492"}],"curies":[{"name":"wp","href":"https:\/\/api.w.org\/{rel}","templated":true}]}}