{"id":2472,"date":"2026-01-22T12:39:06","date_gmt":"2026-01-22T12:39:06","guid":{"rendered":"https:\/\/victoria.gob.ar\/prensa\/?p=2472"},"modified":"2026-01-22T12:39:07","modified_gmt":"2026-01-22T12:39:07","slug":"victoria-limpia-en-el-segundo-cuartel","status":"publish","type":"post","link":"https:\/\/victoria.gob.ar\/prensa\/victoria-limpia-en-el-segundo-cuartel\/","title":{"rendered":"VICTORIA LIMPIA\u00bb EN EL SEGUNDO CUARTEL"},"content":{"rendered":"\n<p>La municipalidad retira de forma programada tus objetos en desuso.<\/p>\n\n\n\n<p>\ud83e\udd14 \u00bfQu\u00e9 pod\u00e9s sacar?<br>\u2705 Tachos, neum\u00e1ticos, botellas, chatarra, todos tus recipientes y objetos en desuso.<br>\u2705 Tambi\u00e9n, pod\u00e9s sacar ramas, restos de poda, tierra y escombros.<br>\u26a0\ufe0f Es muy importante que al retirar estos objetos lo hagas separ\u00e1ndolos cada uno por su categor\u00eda correspondiente.<\/p>\n\n\n\n<p>\u2139\ufe0f Si sos vecino del Segundo Cuartel, \u00a1pod\u00e9s sacar a la vereda tus objetos en desuso desde el mi\u00e9rcoles 21 de enero hasta el s\u00e1bado 31 de enero.<\/p>\n\n\n\n<p>El \u00e9xito de esta campa\u00f1a tambi\u00e9n depende de \ud83e\udef5\ud83c\udffc vos.<\/p>\n\n\n\n<figure class=\"wp-block-image size-large\"><img fetchpriority=\"high\" decoding=\"async\" width=\"819\" height=\"1024\" src=\"https:\/\/victoria.gob.ar\/prensa\/wp-content\/uploads\/2026\/01\/VL-segundo-C-F1-819x1024.png\" alt=\"\" class=\"wp-image-2473\" srcset=\"https:\/\/victoria.gob.ar\/prensa\/wp-content\/uploads\/2026\/01\/VL-segundo-C-F1-819x1024.png 819w, https:\/\/victoria.gob.ar\/prensa\/wp-content\/uploads\/2026\/01\/VL-segundo-C-F1-240x300.png 240w, https:\/\/victoria.gob.ar\/prensa\/wp-content\/uploads\/2026\/01\/VL-segundo-C-F1-768x960.png 768w, https:\/\/victoria.gob.ar\/prensa\/wp-content\/uploads\/2026\/01\/VL-segundo-C-F1.png 1080w\" sizes=\"(max-width: 819px) 100vw, 819px\" \/><\/figure>\n","protected":false},"excerpt":{"rendered":"<p>La municipalidad retira de forma programada tus objetos en desuso. \ud83e\udd14 \u00bfQu\u00e9 pod\u00e9s sacar?\u2705 Tachos, neum\u00e1ticos, botellas, chatarra, todos tus recipientes y objetos en desuso.\u2705 Tambi\u00e9n, pod\u00e9s sacar ramas, restos&hellip; <\/p>\n","protected":false},"author":1,"featured_media":2474,"comment_status":"open","ping_status":"open","sticky":false,"template":"","format":"standard","meta":{"footnotes":""},"categories":[12],"tags":[],"class_list":["post-2472","post","type-post","status-publish","format-standard","has-post-thumbnail","hentry","category-limpieza"],"_links":{"self":[{"href":"https:\/\/victoria.gob.ar\/prensa\/wp-json\/wp\/v2\/posts\/2472","targetHints":{"allow":["GET"]}}],"collection":[{"href":"https:\/\/victoria.gob.ar\/prensa\/wp-json\/wp\/v2\/posts"}],"about":[{"href":"https:\/\/victoria.gob.ar\/prensa\/wp-json\/wp\/v2\/types\/post"}],"author":[{"embeddable":true,"href":"https:\/\/victoria.gob.ar\/prensa\/wp-json\/wp\/v2\/users\/1"}],"replies":[{"embeddable":true,"href":"https:\/\/victoria.gob.ar\/prensa\/wp-json\/wp\/v2\/comments?post=2472"}],"version-history":[{"count":1,"href":"https:\/\/victoria.gob.ar\/prensa\/wp-json\/wp\/v2\/posts\/2472\/revisions"}],"predecessor-version":[{"id":2475,"href":"https:\/\/victoria.gob.ar\/prensa\/wp-json\/wp\/v2\/posts\/2472\/revisions\/2475"}],"wp:featuredmedia":[{"embeddable":true,"href":"https:\/\/victoria.gob.ar\/prensa\/wp-json\/wp\/v2\/media\/2474"}],"wp:attachment":[{"href":"https:\/\/victoria.gob.ar\/prensa\/wp-json\/wp\/v2\/media?parent=2472"}],"wp:term":[{"taxonomy":"category","embeddable":true,"href":"https:\/\/victoria.gob.ar\/prensa\/wp-json\/wp\/v2\/categories?post=2472"},{"taxonomy":"post_tag","embeddable":true,"href":"https:\/\/victoria.gob.ar\/prensa\/wp-json\/wp\/v2\/tags?post=2472"}],"curies":[{"name":"wp","href":"https:\/\/api.w.org\/{rel}","templated":true}]}}