{"id":2421,"date":"2026-01-06T17:06:44","date_gmt":"2026-01-06T17:06:44","guid":{"rendered":"https:\/\/victoria.gob.ar\/prensa\/?p=2421"},"modified":"2026-01-09T17:07:34","modified_gmt":"2026-01-09T17:07:34","slug":"la-alegria-de-nuestros-ninos-en-la-colonia-de-vacaciones-%e2%98%80%ef%b8%8f","status":"publish","type":"post","link":"https:\/\/victoria.gob.ar\/prensa\/la-alegria-de-nuestros-ninos-en-la-colonia-de-vacaciones-%e2%98%80%ef%b8%8f\/","title":{"rendered":"LA ALEGR\u00cdA DE NUESTROS NI\u00d1OS EN LA COLONIA DE VACACIONES \u2600\ufe0f"},"content":{"rendered":"\n<p>El lunes, la Municipalidad de Victoria dio inicio a la Colonia Municipal de Vacaciones, un espacio pensado para que los chicos disfruten, jueguen y compartan. Nataci\u00f3n, deportes, actividades recreativas, desayuno y almuerzo forman parte de jornadas llenas de sonrisas y compa\u00f1erismo, coordinadas desde las \u00e1reas de Deporte y Discapacidad.<br>Participan 240 ni\u00f1os de distintos barrios, cuidados por profesores de educaci\u00f3n f\u00edsica y organizados en grupos que funcionan en el Centro Deportivo y Social \u201cMalvinas Argentinas\u201d, el Refugio del Cuarto Cuartel y los bungalows municipales.<br>Un verano para crecer, divertirse y disfrutar juntos \ud83c\udf08.<\/p>\n\n\n\n<figure class=\"wp-block-gallery has-nested-images columns-default is-cropped wp-block-gallery-1 is-layout-flex wp-block-gallery-is-layout-flex\">\n<figure class=\"wp-block-image size-large\"><img fetchpriority=\"high\" decoding=\"async\" width=\"1024\" height=\"682\" data-id=\"2431\" src=\"https:\/\/victoria.gob.ar\/prensa\/wp-content\/uploads\/2026\/01\/WhatsApp-Image-2026-01-06-at-21.08.10-1-1024x682.jpeg\" alt=\"\" class=\"wp-image-2431\" srcset=\"https:\/\/victoria.gob.ar\/prensa\/wp-content\/uploads\/2026\/01\/WhatsApp-Image-2026-01-06-at-21.08.10-1-1024x682.jpeg 1024w, https:\/\/victoria.gob.ar\/prensa\/wp-content\/uploads\/2026\/01\/WhatsApp-Image-2026-01-06-at-21.08.10-1-300x200.jpeg 300w, https:\/\/victoria.gob.ar\/prensa\/wp-content\/uploads\/2026\/01\/WhatsApp-Image-2026-01-06-at-21.08.10-1-768x512.jpeg 768w, https:\/\/victoria.gob.ar\/prensa\/wp-content\/uploads\/2026\/01\/WhatsApp-Image-2026-01-06-at-21.08.10-1-1536x1023.jpeg 1536w, https:\/\/victoria.gob.ar\/prensa\/wp-content\/uploads\/2026\/01\/WhatsApp-Image-2026-01-06-at-21.08.10-1.jpeg 1600w\" sizes=\"(max-width: 1024px) 100vw, 1024px\" \/><\/figure>\n\n\n\n<figure class=\"wp-block-image size-large\"><img decoding=\"async\" width=\"1024\" height=\"682\" data-id=\"2423\" src=\"https:\/\/victoria.gob.ar\/prensa\/wp-content\/uploads\/2026\/01\/WhatsApp-Image-2026-01-06-at-21.08.10-1024x682.jpeg\" alt=\"\" class=\"wp-image-2423\" srcset=\"https:\/\/victoria.gob.ar\/prensa\/wp-content\/uploads\/2026\/01\/WhatsApp-Image-2026-01-06-at-21.08.10-1024x682.jpeg 1024w, https:\/\/victoria.gob.ar\/prensa\/wp-content\/uploads\/2026\/01\/WhatsApp-Image-2026-01-06-at-21.08.10-300x200.jpeg 300w, https:\/\/victoria.gob.ar\/prensa\/wp-content\/uploads\/2026\/01\/WhatsApp-Image-2026-01-06-at-21.08.10-768x512.jpeg 768w, https:\/\/victoria.gob.ar\/prensa\/wp-content\/uploads\/2026\/01\/WhatsApp-Image-2026-01-06-at-21.08.10-1536x1023.jpeg 1536w, https:\/\/victoria.gob.ar\/prensa\/wp-content\/uploads\/2026\/01\/WhatsApp-Image-2026-01-06-at-21.08.10.jpeg 1600w\" sizes=\"(max-width: 1024px) 100vw, 1024px\" \/><\/figure>\n\n\n\n<figure class=\"wp-block-image size-large\"><img decoding=\"async\" width=\"1024\" height=\"682\" data-id=\"2428\" src=\"https:\/\/victoria.gob.ar\/prensa\/wp-content\/uploads\/2026\/01\/WhatsApp-Image-2026-01-06-at-21.08.09-3-1024x682.jpeg\" alt=\"\" class=\"wp-image-2428\" srcset=\"https:\/\/victoria.gob.ar\/prensa\/wp-content\/uploads\/2026\/01\/WhatsApp-Image-2026-01-06-at-21.08.09-3-1024x682.jpeg 1024w, https:\/\/victoria.gob.ar\/prensa\/wp-content\/uploads\/2026\/01\/WhatsApp-Image-2026-01-06-at-21.08.09-3-300x200.jpeg 300w, https:\/\/victoria.gob.ar\/prensa\/wp-content\/uploads\/2026\/01\/WhatsApp-Image-2026-01-06-at-21.08.09-3-768x512.jpeg 768w, https:\/\/victoria.gob.ar\/prensa\/wp-content\/uploads\/2026\/01\/WhatsApp-Image-2026-01-06-at-21.08.09-3-1536x1023.jpeg 1536w, https:\/\/victoria.gob.ar\/prensa\/wp-content\/uploads\/2026\/01\/WhatsApp-Image-2026-01-06-at-21.08.09-3.jpeg 1600w\" sizes=\"(max-width: 1024px) 100vw, 1024px\" \/><\/figure>\n\n\n\n<figure class=\"wp-block-image size-large\"><img loading=\"lazy\" decoding=\"async\" width=\"1024\" height=\"682\" data-id=\"2422\" src=\"https:\/\/victoria.gob.ar\/prensa\/wp-content\/uploads\/2026\/01\/WhatsApp-Image-2026-01-06-at-21.08.09-2-1024x682.jpeg\" alt=\"\" class=\"wp-image-2422\" srcset=\"https:\/\/victoria.gob.ar\/prensa\/wp-content\/uploads\/2026\/01\/WhatsApp-Image-2026-01-06-at-21.08.09-2-1024x682.jpeg 1024w, https:\/\/victoria.gob.ar\/prensa\/wp-content\/uploads\/2026\/01\/WhatsApp-Image-2026-01-06-at-21.08.09-2-300x200.jpeg 300w, https:\/\/victoria.gob.ar\/prensa\/wp-content\/uploads\/2026\/01\/WhatsApp-Image-2026-01-06-at-21.08.09-2-768x512.jpeg 768w, https:\/\/victoria.gob.ar\/prensa\/wp-content\/uploads\/2026\/01\/WhatsApp-Image-2026-01-06-at-21.08.09-2-1536x1023.jpeg 1536w, https:\/\/victoria.gob.ar\/prensa\/wp-content\/uploads\/2026\/01\/WhatsApp-Image-2026-01-06-at-21.08.09-2.jpeg 1600w\" sizes=\"(max-width: 1024px) 100vw, 1024px\" \/><\/figure>\n\n\n\n<figure class=\"wp-block-image size-large\"><img loading=\"lazy\" decoding=\"async\" width=\"1024\" height=\"682\" data-id=\"2424\" src=\"https:\/\/victoria.gob.ar\/prensa\/wp-content\/uploads\/2026\/01\/WhatsApp-Image-2026-01-06-at-21.08.09-1-1024x682.jpeg\" alt=\"\" class=\"wp-image-2424\" srcset=\"https:\/\/victoria.gob.ar\/prensa\/wp-content\/uploads\/2026\/01\/WhatsApp-Image-2026-01-06-at-21.08.09-1-1024x682.jpeg 1024w, https:\/\/victoria.gob.ar\/prensa\/wp-content\/uploads\/2026\/01\/WhatsApp-Image-2026-01-06-at-21.08.09-1-300x200.jpeg 300w, https:\/\/victoria.gob.ar\/prensa\/wp-content\/uploads\/2026\/01\/WhatsApp-Image-2026-01-06-at-21.08.09-1-768x512.jpeg 768w, https:\/\/victoria.gob.ar\/prensa\/wp-content\/uploads\/2026\/01\/WhatsApp-Image-2026-01-06-at-21.08.09-1-1536x1023.jpeg 1536w, https:\/\/victoria.gob.ar\/prensa\/wp-content\/uploads\/2026\/01\/WhatsApp-Image-2026-01-06-at-21.08.09-1.jpeg 1600w\" sizes=\"(max-width: 1024px) 100vw, 1024px\" \/><\/figure>\n\n\n\n<figure class=\"wp-block-image size-large\"><img loading=\"lazy\" decoding=\"async\" width=\"1024\" height=\"682\" data-id=\"2430\" src=\"https:\/\/victoria.gob.ar\/prensa\/wp-content\/uploads\/2026\/01\/WhatsApp-Image-2026-01-06-at-21.08.09-1024x682.jpeg\" alt=\"\" class=\"wp-image-2430\" srcset=\"https:\/\/victoria.gob.ar\/prensa\/wp-content\/uploads\/2026\/01\/WhatsApp-Image-2026-01-06-at-21.08.09-1024x682.jpeg 1024w, https:\/\/victoria.gob.ar\/prensa\/wp-content\/uploads\/2026\/01\/WhatsApp-Image-2026-01-06-at-21.08.09-300x200.jpeg 300w, https:\/\/victoria.gob.ar\/prensa\/wp-content\/uploads\/2026\/01\/WhatsApp-Image-2026-01-06-at-21.08.09-768x512.jpeg 768w, https:\/\/victoria.gob.ar\/prensa\/wp-content\/uploads\/2026\/01\/WhatsApp-Image-2026-01-06-at-21.08.09-1536x1023.jpeg 1536w, https:\/\/victoria.gob.ar\/prensa\/wp-content\/uploads\/2026\/01\/WhatsApp-Image-2026-01-06-at-21.08.09.jpeg 1600w\" sizes=\"(max-width: 1024px) 100vw, 1024px\" \/><\/figure>\n\n\n\n<figure class=\"wp-block-image size-large\"><img loading=\"lazy\" decoding=\"async\" width=\"1024\" height=\"682\" data-id=\"2425\" src=\"https:\/\/victoria.gob.ar\/prensa\/wp-content\/uploads\/2026\/01\/WhatsApp-Image-2026-01-06-at-21.08.08-3-1024x682.jpeg\" alt=\"\" class=\"wp-image-2425\" srcset=\"https:\/\/victoria.gob.ar\/prensa\/wp-content\/uploads\/2026\/01\/WhatsApp-Image-2026-01-06-at-21.08.08-3-1024x682.jpeg 1024w, https:\/\/victoria.gob.ar\/prensa\/wp-content\/uploads\/2026\/01\/WhatsApp-Image-2026-01-06-at-21.08.08-3-300x200.jpeg 300w, https:\/\/victoria.gob.ar\/prensa\/wp-content\/uploads\/2026\/01\/WhatsApp-Image-2026-01-06-at-21.08.08-3-768x512.jpeg 768w, https:\/\/victoria.gob.ar\/prensa\/wp-content\/uploads\/2026\/01\/WhatsApp-Image-2026-01-06-at-21.08.08-3-1536x1023.jpeg 1536w, https:\/\/victoria.gob.ar\/prensa\/wp-content\/uploads\/2026\/01\/WhatsApp-Image-2026-01-06-at-21.08.08-3.jpeg 1600w\" sizes=\"(max-width: 1024px) 100vw, 1024px\" \/><\/figure>\n\n\n\n<figure class=\"wp-block-image size-large\"><img loading=\"lazy\" decoding=\"async\" width=\"1024\" height=\"682\" data-id=\"2426\" src=\"https:\/\/victoria.gob.ar\/prensa\/wp-content\/uploads\/2026\/01\/WhatsApp-Image-2026-01-06-at-21.08.08-2-1024x682.jpeg\" alt=\"\" class=\"wp-image-2426\" srcset=\"https:\/\/victoria.gob.ar\/prensa\/wp-content\/uploads\/2026\/01\/WhatsApp-Image-2026-01-06-at-21.08.08-2-1024x682.jpeg 1024w, https:\/\/victoria.gob.ar\/prensa\/wp-content\/uploads\/2026\/01\/WhatsApp-Image-2026-01-06-at-21.08.08-2-300x200.jpeg 300w, https:\/\/victoria.gob.ar\/prensa\/wp-content\/uploads\/2026\/01\/WhatsApp-Image-2026-01-06-at-21.08.08-2-768x512.jpeg 768w, https:\/\/victoria.gob.ar\/prensa\/wp-content\/uploads\/2026\/01\/WhatsApp-Image-2026-01-06-at-21.08.08-2-1536x1023.jpeg 1536w, https:\/\/victoria.gob.ar\/prensa\/wp-content\/uploads\/2026\/01\/WhatsApp-Image-2026-01-06-at-21.08.08-2.jpeg 1600w\" sizes=\"(max-width: 1024px) 100vw, 1024px\" \/><\/figure>\n\n\n\n<figure class=\"wp-block-image size-large\"><img loading=\"lazy\" decoding=\"async\" width=\"1024\" height=\"682\" data-id=\"2427\" src=\"https:\/\/victoria.gob.ar\/prensa\/wp-content\/uploads\/2026\/01\/WhatsApp-Image-2026-01-06-at-21.08.08-1-1024x682.jpeg\" alt=\"\" class=\"wp-image-2427\" srcset=\"https:\/\/victoria.gob.ar\/prensa\/wp-content\/uploads\/2026\/01\/WhatsApp-Image-2026-01-06-at-21.08.08-1-1024x682.jpeg 1024w, https:\/\/victoria.gob.ar\/prensa\/wp-content\/uploads\/2026\/01\/WhatsApp-Image-2026-01-06-at-21.08.08-1-300x200.jpeg 300w, https:\/\/victoria.gob.ar\/prensa\/wp-content\/uploads\/2026\/01\/WhatsApp-Image-2026-01-06-at-21.08.08-1-768x512.jpeg 768w, https:\/\/victoria.gob.ar\/prensa\/wp-content\/uploads\/2026\/01\/WhatsApp-Image-2026-01-06-at-21.08.08-1-1536x1023.jpeg 1536w, https:\/\/victoria.gob.ar\/prensa\/wp-content\/uploads\/2026\/01\/WhatsApp-Image-2026-01-06-at-21.08.08-1.jpeg 1600w\" sizes=\"(max-width: 1024px) 100vw, 1024px\" \/><\/figure>\n\n\n\n<figure class=\"wp-block-image size-large\"><img loading=\"lazy\" decoding=\"async\" width=\"1024\" height=\"682\" data-id=\"2429\" src=\"https:\/\/victoria.gob.ar\/prensa\/wp-content\/uploads\/2026\/01\/WhatsApp-Image-2026-01-06-at-21.08.08-1024x682.jpeg\" alt=\"\" class=\"wp-image-2429\" srcset=\"https:\/\/victoria.gob.ar\/prensa\/wp-content\/uploads\/2026\/01\/WhatsApp-Image-2026-01-06-at-21.08.08-1024x682.jpeg 1024w, https:\/\/victoria.gob.ar\/prensa\/wp-content\/uploads\/2026\/01\/WhatsApp-Image-2026-01-06-at-21.08.08-300x200.jpeg 300w, https:\/\/victoria.gob.ar\/prensa\/wp-content\/uploads\/2026\/01\/WhatsApp-Image-2026-01-06-at-21.08.08-768x512.jpeg 768w, https:\/\/victoria.gob.ar\/prensa\/wp-content\/uploads\/2026\/01\/WhatsApp-Image-2026-01-06-at-21.08.08-1536x1023.jpeg 1536w, https:\/\/victoria.gob.ar\/prensa\/wp-content\/uploads\/2026\/01\/WhatsApp-Image-2026-01-06-at-21.08.08.jpeg 1600w\" sizes=\"(max-width: 1024px) 100vw, 1024px\" \/><\/figure>\n<\/figure>\n","protected":false},"excerpt":{"rendered":"<p>El lunes, la Municipalidad de Victoria dio inicio a la Colonia Municipal de Vacaciones, un espacio pensado para que los chicos disfruten, jueguen y compartan. Nataci\u00f3n, deportes, actividades recreativas, desayuno&hellip; <\/p>\n","protected":false},"author":1,"featured_media":2423,"comment_status":"open","ping_status":"open","sticky":false,"template":"","format":"standard","meta":{"footnotes":""},"categories":[10,15,23],"tags":[],"class_list":["post-2421","post","type-post","status-publish","format-standard","has-post-thumbnail","hentry","category-deportes","category-diversidad","category-juventud"],"_links":{"self":[{"href":"https:\/\/victoria.gob.ar\/prensa\/wp-json\/wp\/v2\/posts\/2421","targetHints":{"allow":["GET"]}}],"collection":[{"href":"https:\/\/victoria.gob.ar\/prensa\/wp-json\/wp\/v2\/posts"}],"about":[{"href":"https:\/\/victoria.gob.ar\/prensa\/wp-json\/wp\/v2\/types\/post"}],"author":[{"embeddable":true,"href":"https:\/\/victoria.gob.ar\/prensa\/wp-json\/wp\/v2\/users\/1"}],"replies":[{"embeddable":true,"href":"https:\/\/victoria.gob.ar\/prensa\/wp-json\/wp\/v2\/comments?post=2421"}],"version-history":[{"count":1,"href":"https:\/\/victoria.gob.ar\/prensa\/wp-json\/wp\/v2\/posts\/2421\/revisions"}],"predecessor-version":[{"id":2432,"href":"https:\/\/victoria.gob.ar\/prensa\/wp-json\/wp\/v2\/posts\/2421\/revisions\/2432"}],"wp:featuredmedia":[{"embeddable":true,"href":"https:\/\/victoria.gob.ar\/prensa\/wp-json\/wp\/v2\/media\/2423"}],"wp:attachment":[{"href":"https:\/\/victoria.gob.ar\/prensa\/wp-json\/wp\/v2\/media?parent=2421"}],"wp:term":[{"taxonomy":"category","embeddable":true,"href":"https:\/\/victoria.gob.ar\/prensa\/wp-json\/wp\/v2\/categories?post=2421"},{"taxonomy":"post_tag","embeddable":true,"href":"https:\/\/victoria.gob.ar\/prensa\/wp-json\/wp\/v2\/tags?post=2421"}],"curies":[{"name":"wp","href":"https:\/\/api.w.org\/{rel}","templated":true}]}}