{"id":2316,"date":"2025-11-27T13:27:20","date_gmt":"2025-11-27T13:27:20","guid":{"rendered":"https:\/\/victoria.gob.ar\/prensa\/?p=2316"},"modified":"2025-11-28T13:31:52","modified_gmt":"2025-11-28T13:31:52","slug":"convocatoria-docente","status":"publish","type":"post","link":"https:\/\/victoria.gob.ar\/prensa\/convocatoria-docente\/","title":{"rendered":"CONVOCATORIA DOCENTE"},"content":{"rendered":"\n<p>Profesorado en Docencia Superior<\/p>\n\n\n\n<p>Modalidad semipresencial (encuentros presenciales y clases asincr\u00f3nicas). Manejo de plataforma.<\/p>\n\n\n\n<p>Se abre el Concurso P\u00fablico de T\u00edtulos, Antecedentes y Oposici\u00f3n para cubrir espacios del Primer Trayecto:<\/p>\n\n\n\n<ul class=\"wp-block-list\">\n<li>Pol\u00edtica, sistema y planeamiento institucional<\/li>\n\n\n\n<li>Psicolog\u00eda del desarrollo humano<\/li>\n\n\n\n<li>Modelos y t\u00e9cnicas de la comunicaci\u00f3n (2 cargos)<\/li>\n<\/ul>\n\n\n\n<p>Requisitos:<\/p>\n\n\n\n<ul class=\"wp-block-list\">\n<li>T\u00edtulo docente acorde.<\/li>\n\n\n\n<li>T\u00edtulo universitario a fin a la especialidad.<\/li>\n\n\n\n<li>Experiencia docente en Nivel Superior.<\/li>\n\n\n\n<li>Disponibilidad horaria (s\u00e1bados).<\/li>\n<\/ul>\n\n\n\n<p>Documentaci\u00f3n:<br>CV + antecedentes + planificaci\u00f3n (papel y PDF).<br>Clase p\u00fablica y coloquio.<\/p>\n\n\n\n<p>Inscripci\u00f3n:<br>\ud83d\udccd Direcci\u00f3n de Cultura \u2013 Alem 64<br>\ud83d\udcc5 1 al 15 de diciembre<br>\u23f0 09:00 a 12:00 h<\/p>\n\n\n\n<p>\u2139\ufe0f Para consultas, enviar un \ud83d\udce7 correo electr\u00f3nico a: aulavirtual@victoria.gob.ar<\/p>\n\n\n\n<p>Organizan: Municipalidad de Victoria \u2013 UTN FR Paran\u00e1<\/p>\n\n\n\n<figure class=\"wp-block-gallery has-nested-images columns-default is-cropped wp-block-gallery-1 is-layout-flex wp-block-gallery-is-layout-flex\">\n<figure class=\"wp-block-image size-large\"><img fetchpriority=\"high\" decoding=\"async\" width=\"819\" height=\"1024\" data-id=\"2318\" src=\"https:\/\/victoria.gob.ar\/prensa\/wp-content\/uploads\/2025\/11\/WhatsApp-Image-2025-11-27-at-18.53.23-819x1024.jpeg\" alt=\"\" class=\"wp-image-2318\" srcset=\"https:\/\/victoria.gob.ar\/prensa\/wp-content\/uploads\/2025\/11\/WhatsApp-Image-2025-11-27-at-18.53.23-819x1024.jpeg 819w, https:\/\/victoria.gob.ar\/prensa\/wp-content\/uploads\/2025\/11\/WhatsApp-Image-2025-11-27-at-18.53.23-240x300.jpeg 240w, https:\/\/victoria.gob.ar\/prensa\/wp-content\/uploads\/2025\/11\/WhatsApp-Image-2025-11-27-at-18.53.23-768x960.jpeg 768w, https:\/\/victoria.gob.ar\/prensa\/wp-content\/uploads\/2025\/11\/WhatsApp-Image-2025-11-27-at-18.53.23.jpeg 1080w\" sizes=\"(max-width: 819px) 100vw, 819px\" \/><\/figure>\n\n\n\n<figure class=\"wp-block-image size-large\"><img decoding=\"async\" width=\"819\" height=\"1024\" data-id=\"2319\" src=\"https:\/\/victoria.gob.ar\/prensa\/wp-content\/uploads\/2025\/11\/WhatsApp-Image-2025-11-27-at-18.53.24-819x1024.jpeg\" alt=\"\" class=\"wp-image-2319\" srcset=\"https:\/\/victoria.gob.ar\/prensa\/wp-content\/uploads\/2025\/11\/WhatsApp-Image-2025-11-27-at-18.53.24-819x1024.jpeg 819w, https:\/\/victoria.gob.ar\/prensa\/wp-content\/uploads\/2025\/11\/WhatsApp-Image-2025-11-27-at-18.53.24-240x300.jpeg 240w, https:\/\/victoria.gob.ar\/prensa\/wp-content\/uploads\/2025\/11\/WhatsApp-Image-2025-11-27-at-18.53.24-768x960.jpeg 768w, https:\/\/victoria.gob.ar\/prensa\/wp-content\/uploads\/2025\/11\/WhatsApp-Image-2025-11-27-at-18.53.24.jpeg 1080w\" sizes=\"(max-width: 819px) 100vw, 819px\" \/><\/figure>\n<\/figure>\n","protected":false},"excerpt":{"rendered":"<p>Profesorado en Docencia Superior Modalidad semipresencial (encuentros presenciales y clases asincr\u00f3nicas). Manejo de plataforma. Se abre el Concurso P\u00fablico de T\u00edtulos, Antecedentes y Oposici\u00f3n para cubrir espacios del Primer Trayecto:&hellip; <\/p>\n","protected":false},"author":1,"featured_media":2318,"comment_status":"open","ping_status":"open","sticky":false,"template":"","format":"standard","meta":{"footnotes":""},"categories":[9],"tags":[],"class_list":["post-2316","post","type-post","status-publish","format-standard","has-post-thumbnail","hentry","category-gestion"],"_links":{"self":[{"href":"https:\/\/victoria.gob.ar\/prensa\/wp-json\/wp\/v2\/posts\/2316","targetHints":{"allow":["GET"]}}],"collection":[{"href":"https:\/\/victoria.gob.ar\/prensa\/wp-json\/wp\/v2\/posts"}],"about":[{"href":"https:\/\/victoria.gob.ar\/prensa\/wp-json\/wp\/v2\/types\/post"}],"author":[{"embeddable":true,"href":"https:\/\/victoria.gob.ar\/prensa\/wp-json\/wp\/v2\/users\/1"}],"replies":[{"embeddable":true,"href":"https:\/\/victoria.gob.ar\/prensa\/wp-json\/wp\/v2\/comments?post=2316"}],"version-history":[{"count":1,"href":"https:\/\/victoria.gob.ar\/prensa\/wp-json\/wp\/v2\/posts\/2316\/revisions"}],"predecessor-version":[{"id":2320,"href":"https:\/\/victoria.gob.ar\/prensa\/wp-json\/wp\/v2\/posts\/2316\/revisions\/2320"}],"wp:featuredmedia":[{"embeddable":true,"href":"https:\/\/victoria.gob.ar\/prensa\/wp-json\/wp\/v2\/media\/2318"}],"wp:attachment":[{"href":"https:\/\/victoria.gob.ar\/prensa\/wp-json\/wp\/v2\/media?parent=2316"}],"wp:term":[{"taxonomy":"category","embeddable":true,"href":"https:\/\/victoria.gob.ar\/prensa\/wp-json\/wp\/v2\/categories?post=2316"},{"taxonomy":"post_tag","embeddable":true,"href":"https:\/\/victoria.gob.ar\/prensa\/wp-json\/wp\/v2\/tags?post=2316"}],"curies":[{"name":"wp","href":"https:\/\/api.w.org\/{rel}","templated":true}]}}