{"id":2309,"date":"2025-11-27T13:26:12","date_gmt":"2025-11-27T13:26:12","guid":{"rendered":"https:\/\/victoria.gob.ar\/prensa\/?p=2309"},"modified":"2025-11-28T13:26:51","modified_gmt":"2025-11-28T13:26:51","slug":"avanza-el-plan-de-iluminacion-en-nuestra-ciudad","status":"publish","type":"post","link":"https:\/\/victoria.gob.ar\/prensa\/avanza-el-plan-de-iluminacion-en-nuestra-ciudad\/","title":{"rendered":"AVANZA EL PLAN DE ILUMINACI\u00d3N EN NUESTRA CIUDAD"},"content":{"rendered":"\n<p>La Municipalidad de Victoria sigue trabajando para iluminar Victoria como se merece.<\/p>\n\n\n\n<p>En esta segunda etapa del plan se est\u00e1n colocando nuevas columnas de alumbrado sobre calle Sola, desde Ituzaing\u00f3 hasta 3 de Febrero. Las mismas fueron construidas completamente por personal municipal de la Direcci\u00f3n de Seguridad y Protecci\u00f3n Civil. La obra sigue avanzando a buen ritmo. Pr\u00f3ximamente se comenzar\u00e1 la colocaci\u00f3n de las luminarias LED, que completar\u00e1n esta intervenci\u00f3n y permitir\u00e1n un alumbrado m\u00e1s moderno, eficiente y seguro.<\/p>\n\n\n\n<p>\u2705 En la primera etapa ya se hab\u00eda llevado iluminaci\u00f3n en calle Sola, desde Bv. Pueyrred\u00f3n hasta Ituzaing\u00f3, mejorando un corredor muy importante para la circulaci\u00f3n y la seguridad.<\/p>\n\n\n\n<p>No se trata s\u00f3lo de poner luces: se trata de iluminar la ciudad.<\/p>\n\n\n\n<figure class=\"wp-block-gallery has-nested-images columns-default is-cropped wp-block-gallery-1 is-layout-flex wp-block-gallery-is-layout-flex\">\n<figure class=\"wp-block-image size-large\"><img fetchpriority=\"high\" decoding=\"async\" width=\"1024\" height=\"682\" data-id=\"2310\" src=\"https:\/\/victoria.gob.ar\/prensa\/wp-content\/uploads\/2025\/11\/WhatsApp-Image-2025-11-27-at-10.41.17-2-1024x682.jpeg\" alt=\"\" class=\"wp-image-2310\" srcset=\"https:\/\/victoria.gob.ar\/prensa\/wp-content\/uploads\/2025\/11\/WhatsApp-Image-2025-11-27-at-10.41.17-2-1024x682.jpeg 1024w, https:\/\/victoria.gob.ar\/prensa\/wp-content\/uploads\/2025\/11\/WhatsApp-Image-2025-11-27-at-10.41.17-2-300x200.jpeg 300w, https:\/\/victoria.gob.ar\/prensa\/wp-content\/uploads\/2025\/11\/WhatsApp-Image-2025-11-27-at-10.41.17-2-768x512.jpeg 768w, https:\/\/victoria.gob.ar\/prensa\/wp-content\/uploads\/2025\/11\/WhatsApp-Image-2025-11-27-at-10.41.17-2-1536x1023.jpeg 1536w, https:\/\/victoria.gob.ar\/prensa\/wp-content\/uploads\/2025\/11\/WhatsApp-Image-2025-11-27-at-10.41.17-2.jpeg 1600w\" sizes=\"(max-width: 1024px) 100vw, 1024px\" \/><\/figure>\n\n\n\n<figure class=\"wp-block-image size-large\"><img decoding=\"async\" width=\"1024\" height=\"682\" data-id=\"2313\" src=\"https:\/\/victoria.gob.ar\/prensa\/wp-content\/uploads\/2025\/11\/WhatsApp-Image-2025-11-27-at-10.41.17-1-1024x682.jpeg\" alt=\"\" class=\"wp-image-2313\" srcset=\"https:\/\/victoria.gob.ar\/prensa\/wp-content\/uploads\/2025\/11\/WhatsApp-Image-2025-11-27-at-10.41.17-1-1024x682.jpeg 1024w, https:\/\/victoria.gob.ar\/prensa\/wp-content\/uploads\/2025\/11\/WhatsApp-Image-2025-11-27-at-10.41.17-1-300x200.jpeg 300w, https:\/\/victoria.gob.ar\/prensa\/wp-content\/uploads\/2025\/11\/WhatsApp-Image-2025-11-27-at-10.41.17-1-768x512.jpeg 768w, https:\/\/victoria.gob.ar\/prensa\/wp-content\/uploads\/2025\/11\/WhatsApp-Image-2025-11-27-at-10.41.17-1-1536x1023.jpeg 1536w, https:\/\/victoria.gob.ar\/prensa\/wp-content\/uploads\/2025\/11\/WhatsApp-Image-2025-11-27-at-10.41.17-1.jpeg 1600w\" sizes=\"(max-width: 1024px) 100vw, 1024px\" \/><\/figure>\n\n\n\n<figure class=\"wp-block-image size-large\"><img decoding=\"async\" width=\"1024\" height=\"682\" data-id=\"2311\" src=\"https:\/\/victoria.gob.ar\/prensa\/wp-content\/uploads\/2025\/11\/WhatsApp-Image-2025-11-27-at-10.41.17-1024x682.jpeg\" alt=\"\" class=\"wp-image-2311\" srcset=\"https:\/\/victoria.gob.ar\/prensa\/wp-content\/uploads\/2025\/11\/WhatsApp-Image-2025-11-27-at-10.41.17-1024x682.jpeg 1024w, https:\/\/victoria.gob.ar\/prensa\/wp-content\/uploads\/2025\/11\/WhatsApp-Image-2025-11-27-at-10.41.17-300x200.jpeg 300w, https:\/\/victoria.gob.ar\/prensa\/wp-content\/uploads\/2025\/11\/WhatsApp-Image-2025-11-27-at-10.41.17-768x512.jpeg 768w, https:\/\/victoria.gob.ar\/prensa\/wp-content\/uploads\/2025\/11\/WhatsApp-Image-2025-11-27-at-10.41.17-1536x1023.jpeg 1536w, https:\/\/victoria.gob.ar\/prensa\/wp-content\/uploads\/2025\/11\/WhatsApp-Image-2025-11-27-at-10.41.17.jpeg 1600w\" sizes=\"(max-width: 1024px) 100vw, 1024px\" \/><\/figure>\n\n\n\n<figure class=\"wp-block-image size-large\"><img loading=\"lazy\" decoding=\"async\" width=\"1024\" height=\"682\" data-id=\"2312\" src=\"https:\/\/victoria.gob.ar\/prensa\/wp-content\/uploads\/2025\/11\/WhatsApp-Image-2025-11-27-at-10.41.16-1-1024x682.jpeg\" alt=\"\" class=\"wp-image-2312\" srcset=\"https:\/\/victoria.gob.ar\/prensa\/wp-content\/uploads\/2025\/11\/WhatsApp-Image-2025-11-27-at-10.41.16-1-1024x682.jpeg 1024w, https:\/\/victoria.gob.ar\/prensa\/wp-content\/uploads\/2025\/11\/WhatsApp-Image-2025-11-27-at-10.41.16-1-300x200.jpeg 300w, https:\/\/victoria.gob.ar\/prensa\/wp-content\/uploads\/2025\/11\/WhatsApp-Image-2025-11-27-at-10.41.16-1-768x512.jpeg 768w, https:\/\/victoria.gob.ar\/prensa\/wp-content\/uploads\/2025\/11\/WhatsApp-Image-2025-11-27-at-10.41.16-1-1536x1023.jpeg 1536w, https:\/\/victoria.gob.ar\/prensa\/wp-content\/uploads\/2025\/11\/WhatsApp-Image-2025-11-27-at-10.41.16-1.jpeg 1600w\" sizes=\"(max-width: 1024px) 100vw, 1024px\" \/><\/figure>\n<\/figure>\n","protected":false},"excerpt":{"rendered":"<p>La Municipalidad de Victoria sigue trabajando para iluminar Victoria como se merece. En esta segunda etapa del plan se est\u00e1n colocando nuevas columnas de alumbrado sobre calle Sola, desde Ituzaing\u00f3&hellip; <\/p>\n","protected":false},"author":1,"featured_media":2314,"comment_status":"open","ping_status":"open","sticky":false,"template":"","format":"standard","meta":{"footnotes":""},"categories":[8],"tags":[],"class_list":["post-2309","post","type-post","status-publish","format-standard","has-post-thumbnail","hentry","category-municipales"],"_links":{"self":[{"href":"https:\/\/victoria.gob.ar\/prensa\/wp-json\/wp\/v2\/posts\/2309","targetHints":{"allow":["GET"]}}],"collection":[{"href":"https:\/\/victoria.gob.ar\/prensa\/wp-json\/wp\/v2\/posts"}],"about":[{"href":"https:\/\/victoria.gob.ar\/prensa\/wp-json\/wp\/v2\/types\/post"}],"author":[{"embeddable":true,"href":"https:\/\/victoria.gob.ar\/prensa\/wp-json\/wp\/v2\/users\/1"}],"replies":[{"embeddable":true,"href":"https:\/\/victoria.gob.ar\/prensa\/wp-json\/wp\/v2\/comments?post=2309"}],"version-history":[{"count":1,"href":"https:\/\/victoria.gob.ar\/prensa\/wp-json\/wp\/v2\/posts\/2309\/revisions"}],"predecessor-version":[{"id":2315,"href":"https:\/\/victoria.gob.ar\/prensa\/wp-json\/wp\/v2\/posts\/2309\/revisions\/2315"}],"wp:featuredmedia":[{"embeddable":true,"href":"https:\/\/victoria.gob.ar\/prensa\/wp-json\/wp\/v2\/media\/2314"}],"wp:attachment":[{"href":"https:\/\/victoria.gob.ar\/prensa\/wp-json\/wp\/v2\/media?parent=2309"}],"wp:term":[{"taxonomy":"category","embeddable":true,"href":"https:\/\/victoria.gob.ar\/prensa\/wp-json\/wp\/v2\/categories?post=2309"},{"taxonomy":"post_tag","embeddable":true,"href":"https:\/\/victoria.gob.ar\/prensa\/wp-json\/wp\/v2\/tags?post=2309"}],"curies":[{"name":"wp","href":"https:\/\/api.w.org\/{rel}","templated":true}]}}