{"id":2190,"date":"2025-11-14T14:42:25","date_gmt":"2025-11-14T14:42:25","guid":{"rendered":"https:\/\/victoria.gob.ar\/prensa\/?p=2190"},"modified":"2025-11-17T14:43:08","modified_gmt":"2025-11-17T14:43:08","slug":"el-miercoles-19-la-municipalidad-va-a-realizar-60-castraciones-caninas","status":"publish","type":"post","link":"https:\/\/victoria.gob.ar\/prensa\/el-miercoles-19-la-municipalidad-va-a-realizar-60-castraciones-caninas\/","title":{"rendered":"EL MI\u00c9RCOLES 19 LA MUNICIPALIDAD VA A REALIZAR 60 CASTRACIONES CANINAS"},"content":{"rendered":"\n<p>La Municipalidad de Victoria contin\u00faa desarrollando la campa\u00f1a de esterilizaci\u00f3n canina sin arancel. El \ud83d\uddd3\ufe0f mi\u00e9rcoles 19 de noviembre, en\ud83d\udccd el CIC (Cochabamba y Passo), a partir de las \u231a 08:00 h se van a realizar 60 castraci\u00f3n a perros machos y hembras. Los turnos se dar\u00e1n ese mismo d\u00eda a partir de las 07:30 h por orden de llegada.<\/p>\n\n\n\n<p>La tenencia responsable de mascotas es fundamental para resolver la problem\u00e1tica de la sobrepoblaci\u00f3n de caninos y felinos en las calles. Los problemas comunitarios se resuelven en comunidad y requieren del compromiso de todos.<\/p>\n\n\n\n<p>Victoria, #MiCiudadQuerida \ud83e\ude75<\/p>\n\n\n\n<figure class=\"wp-block-image size-large\"><img fetchpriority=\"high\" decoding=\"async\" width=\"819\" height=\"1024\" src=\"https:\/\/victoria.gob.ar\/prensa\/wp-content\/uploads\/2025\/11\/WhatsApp-Image-2025-11-14-at-12.06.40-819x1024.jpeg\" alt=\"\" class=\"wp-image-2191\" srcset=\"https:\/\/victoria.gob.ar\/prensa\/wp-content\/uploads\/2025\/11\/WhatsApp-Image-2025-11-14-at-12.06.40-819x1024.jpeg 819w, https:\/\/victoria.gob.ar\/prensa\/wp-content\/uploads\/2025\/11\/WhatsApp-Image-2025-11-14-at-12.06.40-240x300.jpeg 240w, https:\/\/victoria.gob.ar\/prensa\/wp-content\/uploads\/2025\/11\/WhatsApp-Image-2025-11-14-at-12.06.40-768x960.jpeg 768w, https:\/\/victoria.gob.ar\/prensa\/wp-content\/uploads\/2025\/11\/WhatsApp-Image-2025-11-14-at-12.06.40.jpeg 1080w\" sizes=\"(max-width: 819px) 100vw, 819px\" \/><\/figure>\n","protected":false},"excerpt":{"rendered":"<p>La Municipalidad de Victoria contin\u00faa desarrollando la campa\u00f1a de esterilizaci\u00f3n canina sin arancel. El \ud83d\uddd3\ufe0f mi\u00e9rcoles 19 de noviembre, en\ud83d\udccd el CIC (Cochabamba y Passo), a partir de las \u231a&hellip; <\/p>\n","protected":false},"author":1,"featured_media":2191,"comment_status":"open","ping_status":"open","sticky":false,"template":"","format":"standard","meta":{"footnotes":""},"categories":[16],"tags":[],"class_list":["post-2190","post","type-post","status-publish","format-standard","has-post-thumbnail","hentry","category-castraciones"],"_links":{"self":[{"href":"https:\/\/victoria.gob.ar\/prensa\/wp-json\/wp\/v2\/posts\/2190","targetHints":{"allow":["GET"]}}],"collection":[{"href":"https:\/\/victoria.gob.ar\/prensa\/wp-json\/wp\/v2\/posts"}],"about":[{"href":"https:\/\/victoria.gob.ar\/prensa\/wp-json\/wp\/v2\/types\/post"}],"author":[{"embeddable":true,"href":"https:\/\/victoria.gob.ar\/prensa\/wp-json\/wp\/v2\/users\/1"}],"replies":[{"embeddable":true,"href":"https:\/\/victoria.gob.ar\/prensa\/wp-json\/wp\/v2\/comments?post=2190"}],"version-history":[{"count":1,"href":"https:\/\/victoria.gob.ar\/prensa\/wp-json\/wp\/v2\/posts\/2190\/revisions"}],"predecessor-version":[{"id":2192,"href":"https:\/\/victoria.gob.ar\/prensa\/wp-json\/wp\/v2\/posts\/2190\/revisions\/2192"}],"wp:featuredmedia":[{"embeddable":true,"href":"https:\/\/victoria.gob.ar\/prensa\/wp-json\/wp\/v2\/media\/2191"}],"wp:attachment":[{"href":"https:\/\/victoria.gob.ar\/prensa\/wp-json\/wp\/v2\/media?parent=2190"}],"wp:term":[{"taxonomy":"category","embeddable":true,"href":"https:\/\/victoria.gob.ar\/prensa\/wp-json\/wp\/v2\/categories?post=2190"},{"taxonomy":"post_tag","embeddable":true,"href":"https:\/\/victoria.gob.ar\/prensa\/wp-json\/wp\/v2\/tags?post=2190"}],"curies":[{"name":"wp","href":"https:\/\/api.w.org\/{rel}","templated":true}]}}