{"id":2069,"date":"2025-10-31T13:12:24","date_gmt":"2025-10-31T13:12:24","guid":{"rendered":"https:\/\/victoria.gob.ar\/prensa\/?p=2069"},"modified":"2025-11-06T13:13:38","modified_gmt":"2025-11-06T13:13:38","slug":"te-mostramos-las-tareas-que-realizo-la-municipalidad-de-victoria-desde-la-direccion-de-planeamiento-en-la-plazoleta-pedro-radio-de-la-zona-costanera","status":"publish","type":"post","link":"https:\/\/victoria.gob.ar\/prensa\/te-mostramos-las-tareas-que-realizo-la-municipalidad-de-victoria-desde-la-direccion-de-planeamiento-en-la-plazoleta-pedro-radio-de-la-zona-costanera\/","title":{"rendered":"Te mostramos las tareas que realiz\u00f3 la Municipalidad de Victoria desde la Direcci\u00f3n de Planeamiento en la Plazoleta Pedro Rad\u00edo de la Zona Costanera."},"content":{"rendered":"\n<p>\ud83d\udca1 Se colocaron nuevas luminarias leds, generando un espacio mucho m\u00e1s seguro para todos.<\/p>\n\n\n\n<p>\ud83d\udee0\ufe0f Se retir\u00f3 el mobiliario en mal estado y se lo reemplaz\u00f3 por nuevos juegos de livings de hormig\u00f3n.<\/p>\n\n\n\n<p>\u265f\ufe0f Se restauraron las mesas de ajedrez.<\/p>\n\n\n\n<p>\ud83e\ude9a Se repar\u00f3 al 100 por ciento los bancos de madera.<\/p>\n\n\n\n<p>\ud83d\uddd1\ufe0f Tambi\u00e9n repararon los cestos de basura para un espacio m\u00e1s limpio.<\/p>\n\n\n\n<p>\u00a1Disfrutemos y cuidemos entre todos lo realizado para mejorar nuestra ciudad querida! \ud83e\ude75<\/p>\n\n\n\n<figure class=\"wp-block-gallery has-nested-images columns-default is-cropped wp-block-gallery-1 is-layout-flex wp-block-gallery-is-layout-flex\">\n<figure class=\"wp-block-image size-large\"><img fetchpriority=\"high\" decoding=\"async\" width=\"768\" height=\"1024\" data-id=\"2070\" src=\"https:\/\/victoria.gob.ar\/prensa\/wp-content\/uploads\/2025\/11\/WhatsApp-Image-2025-10-30-at-18.31.30-768x1024.jpeg\" alt=\"\" class=\"wp-image-2070\" srcset=\"https:\/\/victoria.gob.ar\/prensa\/wp-content\/uploads\/2025\/11\/WhatsApp-Image-2025-10-30-at-18.31.30-768x1024.jpeg 768w, https:\/\/victoria.gob.ar\/prensa\/wp-content\/uploads\/2025\/11\/WhatsApp-Image-2025-10-30-at-18.31.30-225x300.jpeg 225w, https:\/\/victoria.gob.ar\/prensa\/wp-content\/uploads\/2025\/11\/WhatsApp-Image-2025-10-30-at-18.31.30-1152x1536.jpeg 1152w, https:\/\/victoria.gob.ar\/prensa\/wp-content\/uploads\/2025\/11\/WhatsApp-Image-2025-10-30-at-18.31.30.jpeg 1200w\" sizes=\"(max-width: 768px) 100vw, 768px\" \/><\/figure>\n\n\n\n<figure class=\"wp-block-image size-large\"><img decoding=\"async\" width=\"768\" height=\"1024\" data-id=\"2075\" src=\"https:\/\/victoria.gob.ar\/prensa\/wp-content\/uploads\/2025\/11\/WhatsApp-Image-2025-10-30-at-18.31.24-768x1024.jpeg\" alt=\"\" class=\"wp-image-2075\" srcset=\"https:\/\/victoria.gob.ar\/prensa\/wp-content\/uploads\/2025\/11\/WhatsApp-Image-2025-10-30-at-18.31.24-768x1024.jpeg 768w, https:\/\/victoria.gob.ar\/prensa\/wp-content\/uploads\/2025\/11\/WhatsApp-Image-2025-10-30-at-18.31.24-225x300.jpeg 225w, https:\/\/victoria.gob.ar\/prensa\/wp-content\/uploads\/2025\/11\/WhatsApp-Image-2025-10-30-at-18.31.24-1152x1536.jpeg 1152w, https:\/\/victoria.gob.ar\/prensa\/wp-content\/uploads\/2025\/11\/WhatsApp-Image-2025-10-30-at-18.31.24.jpeg 1200w\" sizes=\"(max-width: 768px) 100vw, 768px\" \/><\/figure>\n\n\n\n<figure class=\"wp-block-image size-large\"><img decoding=\"async\" width=\"768\" height=\"1024\" data-id=\"2073\" src=\"https:\/\/victoria.gob.ar\/prensa\/wp-content\/uploads\/2025\/11\/WhatsApp-Image-2025-10-30-at-18.31.18-768x1024.jpeg\" alt=\"\" class=\"wp-image-2073\" srcset=\"https:\/\/victoria.gob.ar\/prensa\/wp-content\/uploads\/2025\/11\/WhatsApp-Image-2025-10-30-at-18.31.18-768x1024.jpeg 768w, https:\/\/victoria.gob.ar\/prensa\/wp-content\/uploads\/2025\/11\/WhatsApp-Image-2025-10-30-at-18.31.18-225x300.jpeg 225w, https:\/\/victoria.gob.ar\/prensa\/wp-content\/uploads\/2025\/11\/WhatsApp-Image-2025-10-30-at-18.31.18-1152x1536.jpeg 1152w, https:\/\/victoria.gob.ar\/prensa\/wp-content\/uploads\/2025\/11\/WhatsApp-Image-2025-10-30-at-18.31.18.jpeg 1200w\" sizes=\"(max-width: 768px) 100vw, 768px\" \/><\/figure>\n\n\n\n<figure class=\"wp-block-image size-large\"><img loading=\"lazy\" decoding=\"async\" width=\"768\" height=\"1024\" data-id=\"2074\" src=\"https:\/\/victoria.gob.ar\/prensa\/wp-content\/uploads\/2025\/11\/WhatsApp-Image-2025-10-30-at-18.31.03-768x1024.jpeg\" alt=\"\" class=\"wp-image-2074\" srcset=\"https:\/\/victoria.gob.ar\/prensa\/wp-content\/uploads\/2025\/11\/WhatsApp-Image-2025-10-30-at-18.31.03-768x1024.jpeg 768w, https:\/\/victoria.gob.ar\/prensa\/wp-content\/uploads\/2025\/11\/WhatsApp-Image-2025-10-30-at-18.31.03-225x300.jpeg 225w, https:\/\/victoria.gob.ar\/prensa\/wp-content\/uploads\/2025\/11\/WhatsApp-Image-2025-10-30-at-18.31.03-1152x1536.jpeg 1152w, https:\/\/victoria.gob.ar\/prensa\/wp-content\/uploads\/2025\/11\/WhatsApp-Image-2025-10-30-at-18.31.03.jpeg 1200w\" sizes=\"(max-width: 768px) 100vw, 768px\" \/><\/figure>\n\n\n\n<figure class=\"wp-block-image size-large\"><img loading=\"lazy\" decoding=\"async\" width=\"768\" height=\"1024\" data-id=\"2076\" src=\"https:\/\/victoria.gob.ar\/prensa\/wp-content\/uploads\/2025\/11\/WhatsApp-Image-2025-10-30-at-18.30.58-768x1024.jpeg\" alt=\"\" class=\"wp-image-2076\" srcset=\"https:\/\/victoria.gob.ar\/prensa\/wp-content\/uploads\/2025\/11\/WhatsApp-Image-2025-10-30-at-18.30.58-768x1024.jpeg 768w, https:\/\/victoria.gob.ar\/prensa\/wp-content\/uploads\/2025\/11\/WhatsApp-Image-2025-10-30-at-18.30.58-225x300.jpeg 225w, https:\/\/victoria.gob.ar\/prensa\/wp-content\/uploads\/2025\/11\/WhatsApp-Image-2025-10-30-at-18.30.58-1152x1536.jpeg 1152w, https:\/\/victoria.gob.ar\/prensa\/wp-content\/uploads\/2025\/11\/WhatsApp-Image-2025-10-30-at-18.30.58.jpeg 1200w\" sizes=\"(max-width: 768px) 100vw, 768px\" \/><\/figure>\n\n\n\n<figure class=\"wp-block-image size-large\"><img loading=\"lazy\" decoding=\"async\" width=\"768\" height=\"1024\" data-id=\"2071\" src=\"https:\/\/victoria.gob.ar\/prensa\/wp-content\/uploads\/2025\/11\/WhatsApp-Image-2025-10-30-at-18.30.41-768x1024.jpeg\" alt=\"\" class=\"wp-image-2071\" srcset=\"https:\/\/victoria.gob.ar\/prensa\/wp-content\/uploads\/2025\/11\/WhatsApp-Image-2025-10-30-at-18.30.41-768x1024.jpeg 768w, https:\/\/victoria.gob.ar\/prensa\/wp-content\/uploads\/2025\/11\/WhatsApp-Image-2025-10-30-at-18.30.41-225x300.jpeg 225w, https:\/\/victoria.gob.ar\/prensa\/wp-content\/uploads\/2025\/11\/WhatsApp-Image-2025-10-30-at-18.30.41-1152x1536.jpeg 1152w, https:\/\/victoria.gob.ar\/prensa\/wp-content\/uploads\/2025\/11\/WhatsApp-Image-2025-10-30-at-18.30.41.jpeg 1200w\" sizes=\"(max-width: 768px) 100vw, 768px\" \/><\/figure>\n\n\n\n<figure class=\"wp-block-image size-large\"><img loading=\"lazy\" decoding=\"async\" width=\"768\" height=\"1024\" data-id=\"2078\" src=\"https:\/\/victoria.gob.ar\/prensa\/wp-content\/uploads\/2025\/11\/WhatsApp-Image-2025-10-30-at-18.30.35-768x1024.jpeg\" alt=\"\" class=\"wp-image-2078\" srcset=\"https:\/\/victoria.gob.ar\/prensa\/wp-content\/uploads\/2025\/11\/WhatsApp-Image-2025-10-30-at-18.30.35-768x1024.jpeg 768w, https:\/\/victoria.gob.ar\/prensa\/wp-content\/uploads\/2025\/11\/WhatsApp-Image-2025-10-30-at-18.30.35-225x300.jpeg 225w, https:\/\/victoria.gob.ar\/prensa\/wp-content\/uploads\/2025\/11\/WhatsApp-Image-2025-10-30-at-18.30.35-1152x1536.jpeg 1152w, https:\/\/victoria.gob.ar\/prensa\/wp-content\/uploads\/2025\/11\/WhatsApp-Image-2025-10-30-at-18.30.35.jpeg 1200w\" sizes=\"(max-width: 768px) 100vw, 768px\" \/><\/figure>\n\n\n\n<figure class=\"wp-block-image size-large\"><img loading=\"lazy\" decoding=\"async\" width=\"768\" height=\"1024\" data-id=\"2077\" src=\"https:\/\/victoria.gob.ar\/prensa\/wp-content\/uploads\/2025\/11\/WhatsApp-Image-2025-10-30-at-18.30.27-768x1024.jpeg\" alt=\"\" class=\"wp-image-2077\" srcset=\"https:\/\/victoria.gob.ar\/prensa\/wp-content\/uploads\/2025\/11\/WhatsApp-Image-2025-10-30-at-18.30.27-768x1024.jpeg 768w, https:\/\/victoria.gob.ar\/prensa\/wp-content\/uploads\/2025\/11\/WhatsApp-Image-2025-10-30-at-18.30.27-225x300.jpeg 225w, https:\/\/victoria.gob.ar\/prensa\/wp-content\/uploads\/2025\/11\/WhatsApp-Image-2025-10-30-at-18.30.27-1152x1536.jpeg 1152w, https:\/\/victoria.gob.ar\/prensa\/wp-content\/uploads\/2025\/11\/WhatsApp-Image-2025-10-30-at-18.30.27.jpeg 1200w\" sizes=\"(max-width: 768px) 100vw, 768px\" \/><\/figure>\n\n\n\n<figure class=\"wp-block-image size-large\"><img loading=\"lazy\" decoding=\"async\" width=\"768\" height=\"1024\" data-id=\"2079\" src=\"https:\/\/victoria.gob.ar\/prensa\/wp-content\/uploads\/2025\/11\/WhatsApp-Image-2025-10-30-at-18.30.23-768x1024.jpeg\" alt=\"\" class=\"wp-image-2079\" srcset=\"https:\/\/victoria.gob.ar\/prensa\/wp-content\/uploads\/2025\/11\/WhatsApp-Image-2025-10-30-at-18.30.23-768x1024.jpeg 768w, https:\/\/victoria.gob.ar\/prensa\/wp-content\/uploads\/2025\/11\/WhatsApp-Image-2025-10-30-at-18.30.23-225x300.jpeg 225w, https:\/\/victoria.gob.ar\/prensa\/wp-content\/uploads\/2025\/11\/WhatsApp-Image-2025-10-30-at-18.30.23-1152x1536.jpeg 1152w, https:\/\/victoria.gob.ar\/prensa\/wp-content\/uploads\/2025\/11\/WhatsApp-Image-2025-10-30-at-18.30.23.jpeg 1200w\" sizes=\"(max-width: 768px) 100vw, 768px\" \/><\/figure>\n\n\n\n<figure class=\"wp-block-image size-large\"><img loading=\"lazy\" decoding=\"async\" width=\"768\" height=\"1024\" data-id=\"2072\" src=\"https:\/\/victoria.gob.ar\/prensa\/wp-content\/uploads\/2025\/11\/WhatsApp-Image-2025-10-30-at-18.30.13-768x1024.jpeg\" alt=\"\" class=\"wp-image-2072\" srcset=\"https:\/\/victoria.gob.ar\/prensa\/wp-content\/uploads\/2025\/11\/WhatsApp-Image-2025-10-30-at-18.30.13-768x1024.jpeg 768w, https:\/\/victoria.gob.ar\/prensa\/wp-content\/uploads\/2025\/11\/WhatsApp-Image-2025-10-30-at-18.30.13-225x300.jpeg 225w, https:\/\/victoria.gob.ar\/prensa\/wp-content\/uploads\/2025\/11\/WhatsApp-Image-2025-10-30-at-18.30.13-1152x1536.jpeg 1152w, https:\/\/victoria.gob.ar\/prensa\/wp-content\/uploads\/2025\/11\/WhatsApp-Image-2025-10-30-at-18.30.13.jpeg 1200w\" sizes=\"(max-width: 768px) 100vw, 768px\" \/><\/figure>\n<\/figure>\n","protected":false},"excerpt":{"rendered":"<p>\ud83d\udca1 Se colocaron nuevas luminarias leds, generando un espacio mucho m\u00e1s seguro para todos. \ud83d\udee0\ufe0f Se retir\u00f3 el mobiliario en mal estado y se lo reemplaz\u00f3 por nuevos juegos de&hellip; <\/p>\n","protected":false},"author":1,"featured_media":2080,"comment_status":"open","ping_status":"open","sticky":false,"template":"","format":"standard","meta":{"footnotes":""},"categories":[12,8],"tags":[],"class_list":["post-2069","post","type-post","status-publish","format-standard","has-post-thumbnail","hentry","category-limpieza","category-municipales"],"_links":{"self":[{"href":"https:\/\/victoria.gob.ar\/prensa\/wp-json\/wp\/v2\/posts\/2069","targetHints":{"allow":["GET"]}}],"collection":[{"href":"https:\/\/victoria.gob.ar\/prensa\/wp-json\/wp\/v2\/posts"}],"about":[{"href":"https:\/\/victoria.gob.ar\/prensa\/wp-json\/wp\/v2\/types\/post"}],"author":[{"embeddable":true,"href":"https:\/\/victoria.gob.ar\/prensa\/wp-json\/wp\/v2\/users\/1"}],"replies":[{"embeddable":true,"href":"https:\/\/victoria.gob.ar\/prensa\/wp-json\/wp\/v2\/comments?post=2069"}],"version-history":[{"count":1,"href":"https:\/\/victoria.gob.ar\/prensa\/wp-json\/wp\/v2\/posts\/2069\/revisions"}],"predecessor-version":[{"id":2081,"href":"https:\/\/victoria.gob.ar\/prensa\/wp-json\/wp\/v2\/posts\/2069\/revisions\/2081"}],"wp:featuredmedia":[{"embeddable":true,"href":"https:\/\/victoria.gob.ar\/prensa\/wp-json\/wp\/v2\/media\/2080"}],"wp:attachment":[{"href":"https:\/\/victoria.gob.ar\/prensa\/wp-json\/wp\/v2\/media?parent=2069"}],"wp:term":[{"taxonomy":"category","embeddable":true,"href":"https:\/\/victoria.gob.ar\/prensa\/wp-json\/wp\/v2\/categories?post=2069"},{"taxonomy":"post_tag","embeddable":true,"href":"https:\/\/victoria.gob.ar\/prensa\/wp-json\/wp\/v2\/tags?post=2069"}],"curies":[{"name":"wp","href":"https:\/\/api.w.org\/{rel}","templated":true}]}}