{"id":2040,"date":"2025-10-27T13:50:43","date_gmt":"2025-10-27T13:50:43","guid":{"rendered":"https:\/\/victoria.gob.ar\/prensa\/?p=2040"},"modified":"2025-10-28T13:53:37","modified_gmt":"2025-10-28T13:53:37","slug":"llega-la-4a-edicion-de-la-fiesta-del-sabalo-y-regionales","status":"publish","type":"post","link":"https:\/\/victoria.gob.ar\/prensa\/llega-la-4a-edicion-de-la-fiesta-del-sabalo-y-regionales\/","title":{"rendered":"LLEGA LA 4\u00aa EDICI\u00d3N DE LA FIESTA DEL S\u00c1BALO Y REGIONALES"},"content":{"rendered":"\n<p>\ud83d\udcc5 22, 23 y 24 de noviembre<br>\ud83d\udccd Playa Alta \u2013 Av. Costanera y Laprida, Victoria, Entre R\u00edos<\/p>\n\n\n\n<p>Viv\u00ed el pr\u00f3ximo finde largo a orillas del r\u00edo, con shows en vivo, gastronom\u00eda local, feriantes y mucho m\u00e1s.<br>\u2728 Entrada libre y gratuita<br>\ud83c\udfc5 Declarada de Inter\u00e9s Provincial<\/p>\n\n\n\n<p>\u00a1Victoria te espera para celebrar nuestras tradiciones con sabor, m\u00fasica y alegr\u00eda! \ud83d\udc83\ud83c\udf0a<\/p>\n\n\n\n<figure class=\"wp-block-image size-large\"><img fetchpriority=\"high\" decoding=\"async\" width=\"819\" height=\"1024\" src=\"https:\/\/victoria.gob.ar\/prensa\/wp-content\/uploads\/2025\/10\/WhatsApp-Image-2025-10-27-at-11.37.14-819x1024.jpeg\" alt=\"\" class=\"wp-image-2041\" srcset=\"https:\/\/victoria.gob.ar\/prensa\/wp-content\/uploads\/2025\/10\/WhatsApp-Image-2025-10-27-at-11.37.14-819x1024.jpeg 819w, https:\/\/victoria.gob.ar\/prensa\/wp-content\/uploads\/2025\/10\/WhatsApp-Image-2025-10-27-at-11.37.14-240x300.jpeg 240w, https:\/\/victoria.gob.ar\/prensa\/wp-content\/uploads\/2025\/10\/WhatsApp-Image-2025-10-27-at-11.37.14-768x960.jpeg 768w, https:\/\/victoria.gob.ar\/prensa\/wp-content\/uploads\/2025\/10\/WhatsApp-Image-2025-10-27-at-11.37.14.jpeg 1040w\" sizes=\"(max-width: 819px) 100vw, 819px\" \/><\/figure>\n","protected":false},"excerpt":{"rendered":"<p>\ud83d\udcc5 22, 23 y 24 de noviembre\ud83d\udccd Playa Alta \u2013 Av. Costanera y Laprida, Victoria, Entre R\u00edos Viv\u00ed el pr\u00f3ximo finde largo a orillas del r\u00edo, con shows en vivo,&hellip; <\/p>\n","protected":false},"author":1,"featured_media":2041,"comment_status":"open","ping_status":"open","sticky":false,"template":"","format":"standard","meta":{"footnotes":""},"categories":[7,9],"tags":[],"class_list":["post-2040","post","type-post","status-publish","format-standard","has-post-thumbnail","hentry","category-cultura","category-gestion"],"_links":{"self":[{"href":"https:\/\/victoria.gob.ar\/prensa\/wp-json\/wp\/v2\/posts\/2040","targetHints":{"allow":["GET"]}}],"collection":[{"href":"https:\/\/victoria.gob.ar\/prensa\/wp-json\/wp\/v2\/posts"}],"about":[{"href":"https:\/\/victoria.gob.ar\/prensa\/wp-json\/wp\/v2\/types\/post"}],"author":[{"embeddable":true,"href":"https:\/\/victoria.gob.ar\/prensa\/wp-json\/wp\/v2\/users\/1"}],"replies":[{"embeddable":true,"href":"https:\/\/victoria.gob.ar\/prensa\/wp-json\/wp\/v2\/comments?post=2040"}],"version-history":[{"count":1,"href":"https:\/\/victoria.gob.ar\/prensa\/wp-json\/wp\/v2\/posts\/2040\/revisions"}],"predecessor-version":[{"id":2042,"href":"https:\/\/victoria.gob.ar\/prensa\/wp-json\/wp\/v2\/posts\/2040\/revisions\/2042"}],"wp:featuredmedia":[{"embeddable":true,"href":"https:\/\/victoria.gob.ar\/prensa\/wp-json\/wp\/v2\/media\/2041"}],"wp:attachment":[{"href":"https:\/\/victoria.gob.ar\/prensa\/wp-json\/wp\/v2\/media?parent=2040"}],"wp:term":[{"taxonomy":"category","embeddable":true,"href":"https:\/\/victoria.gob.ar\/prensa\/wp-json\/wp\/v2\/categories?post=2040"},{"taxonomy":"post_tag","embeddable":true,"href":"https:\/\/victoria.gob.ar\/prensa\/wp-json\/wp\/v2\/tags?post=2040"}],"curies":[{"name":"wp","href":"https:\/\/api.w.org\/{rel}","templated":true}]}}