{"id":203,"date":"2024-04-09T01:30:29","date_gmt":"2024-04-09T01:30:29","guid":{"rendered":"https:\/\/victoria.gob.ar\/prensa\/?p=203"},"modified":"2024-04-09T01:30:29","modified_gmt":"2024-04-09T01:30:29","slug":"desgaje-y-levantamiento-de-copa-en-arboles-de-plazas-san-martin-y-moreno","status":"publish","type":"post","link":"https:\/\/victoria.gob.ar\/prensa\/desgaje-y-levantamiento-de-copa-en-arboles-de-plazas-san-martin-y-moreno\/","title":{"rendered":"Desgaje y levantamiento de copa en \u00e1rboles de plazas San Mart\u00edn y Moreno"},"content":{"rendered":"\n<p>La Municipalidad de Victoria est\u00e1 realizando acciones para garantizar tanto el disfrute seguro del espacio p\u00fablico por parte de la poblaci\u00f3n como el cuidado adecuado de las especies arb\u00f3reas plantadas en las plazas San Mart\u00edn y Moreno.<\/p>\n\n\n\n<p>En plaza Moreno se est\u00e1 realizando un desgaje para el levantamiento de copa hasta el cuarto nudo. No se est\u00e1 haciendo una poda de troncos, ya que la evidencia determina que este tipo de pr\u00e1cticas est\u00e1 poniendo en peligro la salud de los \u00e1rboles. Las podas de troncos mayores a 5 cm. de di\u00e1metro producen una herida en el \u00e1rbol que debe cerrar. Podas de mayor di\u00e1metro han provocado ahuecamientos visibles, posiblemente debido a la interferencia de hongos. Adem\u00e1s, se van a retirar tres troncos que presentan peligro de ca\u00edda por podredumbre.<\/p>\n\n\n\n<p>En los alrededores de Plaza San Mart\u00edn, por calle Ezpeleta, se est\u00e1 realizando un desgaje hasta el s\u00e9ptimo nudo y un levantamiento de copa. Por calle Sarmiento ya existe un levantamiento de copa, as\u00ed que s\u00f3lo es necesario hasta el quinto nudo. Asimismo, por calle San Mart\u00edn y calle Congreso s\u00f3lo es necesario hasta el segundo nudo.<\/p>\n\n\n\n<p>Luego, en temporada de poda, entre los meses de mayo y agosto, se realizar\u00e1n podas en el centro de la plaza San Mart\u00edn, en \u00e1rboles que presenten peligros de ca\u00edda.<\/p>\n\n\n\n<figure class=\"wp-block-image size-large\"><img fetchpriority=\"high\" decoding=\"async\" width=\"576\" height=\"1024\" src=\"https:\/\/victoria.gob.ar\/prensa\/wp-content\/uploads\/2024\/04\/gajos-576x1024.jpeg\" alt=\"\" class=\"wp-image-204\" srcset=\"https:\/\/victoria.gob.ar\/prensa\/wp-content\/uploads\/2024\/04\/gajos-576x1024.jpeg 576w, https:\/\/victoria.gob.ar\/prensa\/wp-content\/uploads\/2024\/04\/gajos-169x300.jpeg 169w, https:\/\/victoria.gob.ar\/prensa\/wp-content\/uploads\/2024\/04\/gajos-768x1365.jpeg 768w, https:\/\/victoria.gob.ar\/prensa\/wp-content\/uploads\/2024\/04\/gajos-864x1536.jpeg 864w, https:\/\/victoria.gob.ar\/prensa\/wp-content\/uploads\/2024\/04\/gajos.jpeg 900w\" sizes=\"(max-width: 576px) 100vw, 576px\" \/><\/figure>\n","protected":false},"excerpt":{"rendered":"<p>La Municipalidad de Victoria est\u00e1 realizando acciones para garantizar tanto el disfrute seguro del espacio p\u00fablico por parte de la poblaci\u00f3n como el cuidado adecuado de las especies arb\u00f3reas plantadas&hellip; <\/p>\n","protected":false},"author":1,"featured_media":205,"comment_status":"open","ping_status":"open","sticky":false,"template":"","format":"standard","meta":{"footnotes":""},"categories":[12],"tags":[],"class_list":["post-203","post","type-post","status-publish","format-standard","has-post-thumbnail","hentry","category-limpieza"],"_links":{"self":[{"href":"https:\/\/victoria.gob.ar\/prensa\/wp-json\/wp\/v2\/posts\/203","targetHints":{"allow":["GET"]}}],"collection":[{"href":"https:\/\/victoria.gob.ar\/prensa\/wp-json\/wp\/v2\/posts"}],"about":[{"href":"https:\/\/victoria.gob.ar\/prensa\/wp-json\/wp\/v2\/types\/post"}],"author":[{"embeddable":true,"href":"https:\/\/victoria.gob.ar\/prensa\/wp-json\/wp\/v2\/users\/1"}],"replies":[{"embeddable":true,"href":"https:\/\/victoria.gob.ar\/prensa\/wp-json\/wp\/v2\/comments?post=203"}],"version-history":[{"count":1,"href":"https:\/\/victoria.gob.ar\/prensa\/wp-json\/wp\/v2\/posts\/203\/revisions"}],"predecessor-version":[{"id":206,"href":"https:\/\/victoria.gob.ar\/prensa\/wp-json\/wp\/v2\/posts\/203\/revisions\/206"}],"wp:featuredmedia":[{"embeddable":true,"href":"https:\/\/victoria.gob.ar\/prensa\/wp-json\/wp\/v2\/media\/205"}],"wp:attachment":[{"href":"https:\/\/victoria.gob.ar\/prensa\/wp-json\/wp\/v2\/media?parent=203"}],"wp:term":[{"taxonomy":"category","embeddable":true,"href":"https:\/\/victoria.gob.ar\/prensa\/wp-json\/wp\/v2\/categories?post=203"},{"taxonomy":"post_tag","embeddable":true,"href":"https:\/\/victoria.gob.ar\/prensa\/wp-json\/wp\/v2\/tags?post=203"}],"curies":[{"name":"wp","href":"https:\/\/api.w.org\/{rel}","templated":true}]}}