{"id":1442,"date":"2025-08-13T01:16:31","date_gmt":"2025-08-13T01:16:31","guid":{"rendered":"https:\/\/victoria.gob.ar\/prensa\/?p=1442"},"modified":"2025-08-13T01:16:31","modified_gmt":"2025-08-13T01:16:31","slug":"la-municipalidad-de-victoria-informa-a-la-comunidad-que-con-el-fin-de-realizar-tareas-de-mantenimiento-en-las-unidades-y-optimizar-el-servicio-momentaneamente-no-funcionara-la-linea-unica-de-los-sab","status":"publish","type":"post","link":"https:\/\/victoria.gob.ar\/prensa\/la-municipalidad-de-victoria-informa-a-la-comunidad-que-con-el-fin-de-realizar-tareas-de-mantenimiento-en-las-unidades-y-optimizar-el-servicio-momentaneamente-no-funcionara-la-linea-unica-de-los-sab\/","title":{"rendered":"La Municipalidad de Victoria informa a la comunidad que, con el fin de realizar tareas de mantenimiento en las unidades y optimizar el servicio, moment\u00e1neamente no funcionar\u00e1 la l\u00ednea \u00fanica de los s\u00e1bados por la tarde del Transporte Urbano Municipal."},"content":{"rendered":"\n<p>En este sentido, los horarios ser\u00e1n los siguientes:<\/p>\n\n\n\n<ul class=\"wp-block-list\">\n<li>Lunes a viernes: de 06:00 a 14:00 h y de 15:00 a 21:00 h.<\/li>\n\n\n\n<li>S\u00e1bados: ambas l\u00edneas, de 07:00 a 13:00 h.<\/li>\n<\/ul>\n\n\n\n<figure class=\"wp-block-image size-large\"><img fetchpriority=\"high\" decoding=\"async\" width=\"819\" height=\"1024\" src=\"https:\/\/victoria.gob.ar\/prensa\/wp-content\/uploads\/2025\/08\/WhatsApp-Image-2025-08-12-at-14.58.29-819x1024.jpeg\" alt=\"\" class=\"wp-image-1443\" srcset=\"https:\/\/victoria.gob.ar\/prensa\/wp-content\/uploads\/2025\/08\/WhatsApp-Image-2025-08-12-at-14.58.29-819x1024.jpeg 819w, https:\/\/victoria.gob.ar\/prensa\/wp-content\/uploads\/2025\/08\/WhatsApp-Image-2025-08-12-at-14.58.29-240x300.jpeg 240w, https:\/\/victoria.gob.ar\/prensa\/wp-content\/uploads\/2025\/08\/WhatsApp-Image-2025-08-12-at-14.58.29-768x960.jpeg 768w, https:\/\/victoria.gob.ar\/prensa\/wp-content\/uploads\/2025\/08\/WhatsApp-Image-2025-08-12-at-14.58.29.jpeg 1080w\" sizes=\"(max-width: 819px) 100vw, 819px\" \/><\/figure>\n","protected":false},"excerpt":{"rendered":"<p>En este sentido, los horarios ser\u00e1n los siguientes:<\/p>\n","protected":false},"author":1,"featured_media":1443,"comment_status":"open","ping_status":"open","sticky":false,"template":"","format":"standard","meta":{"footnotes":""},"categories":[8],"tags":[],"class_list":["post-1442","post","type-post","status-publish","format-standard","has-post-thumbnail","hentry","category-municipales"],"_links":{"self":[{"href":"https:\/\/victoria.gob.ar\/prensa\/wp-json\/wp\/v2\/posts\/1442","targetHints":{"allow":["GET"]}}],"collection":[{"href":"https:\/\/victoria.gob.ar\/prensa\/wp-json\/wp\/v2\/posts"}],"about":[{"href":"https:\/\/victoria.gob.ar\/prensa\/wp-json\/wp\/v2\/types\/post"}],"author":[{"embeddable":true,"href":"https:\/\/victoria.gob.ar\/prensa\/wp-json\/wp\/v2\/users\/1"}],"replies":[{"embeddable":true,"href":"https:\/\/victoria.gob.ar\/prensa\/wp-json\/wp\/v2\/comments?post=1442"}],"version-history":[{"count":1,"href":"https:\/\/victoria.gob.ar\/prensa\/wp-json\/wp\/v2\/posts\/1442\/revisions"}],"predecessor-version":[{"id":1444,"href":"https:\/\/victoria.gob.ar\/prensa\/wp-json\/wp\/v2\/posts\/1442\/revisions\/1444"}],"wp:featuredmedia":[{"embeddable":true,"href":"https:\/\/victoria.gob.ar\/prensa\/wp-json\/wp\/v2\/media\/1443"}],"wp:attachment":[{"href":"https:\/\/victoria.gob.ar\/prensa\/wp-json\/wp\/v2\/media?parent=1442"}],"wp:term":[{"taxonomy":"category","embeddable":true,"href":"https:\/\/victoria.gob.ar\/prensa\/wp-json\/wp\/v2\/categories?post=1442"},{"taxonomy":"post_tag","embeddable":true,"href":"https:\/\/victoria.gob.ar\/prensa\/wp-json\/wp\/v2\/tags?post=1442"}],"curies":[{"name":"wp","href":"https:\/\/api.w.org\/{rel}","templated":true}]}}