{"id":1382,"date":"2025-08-06T15:13:43","date_gmt":"2025-08-06T15:13:43","guid":{"rendered":"https:\/\/victoria.gob.ar\/prensa\/?p=1382"},"modified":"2025-08-06T15:13:44","modified_gmt":"2025-08-06T15:13:44","slug":"obras-viales","status":"publish","type":"post","link":"https:\/\/victoria.gob.ar\/prensa\/obras-viales\/","title":{"rendered":"OBRAS VIALES"},"content":{"rendered":"\n<p>\u2705 Bacheo intensivo en Gral. Hornos. La Municipalidad de Victoria avanza desde calle Italia hasta Bartoloni, reparando los sectores m\u00e1s da\u00f1ados.<\/p>\n\n\n\n<p>\u2705 Reparaci\u00f3n de losa en Espa\u00f1a y Per\u00f3n. Se est\u00e1 arreglando este cruce para garantizar una circulaci\u00f3n m\u00e1s segura.<\/p>\n\n\n\n<p>\u2705 Entubamiento del desag\u00fce en S\u00e1nchez Mathar\u00e1n. Una obra posible gracias al esfuerzo conjunto de la municipalidad y los vecinos, que aportaron los materiales necesarios. Esta canalizaci\u00f3n permitir\u00e1 un mejor escurrimiento del agua y evitar\u00e1 anegamientos.<\/p>\n\n\n\n<p>\u2139\ufe0f Asimismo, se progresa en:<\/p>\n\n\n\n<ul class=\"wp-block-list\">\n<li>Reparaci\u00f3n de losa en 9 de julio e\/Per\u00f3n y Piaggio, hist\u00f3rica rotura que da\u00f1aba las casas.<\/li>\n\n\n\n<li>Continuaci\u00f3n de cord\u00f3n cuneta en Sgto. G\u00f3mez e\/Viamonte y Cnel. Su\u00e1rez; continuaci\u00f3n de cord\u00f3n cuneta y badenes en Passo y Las Piedras.<\/li>\n\n\n\n<li>Repaso de calles en Barrio Abad\u00eda y Quinto Cuartel.<\/li>\n\n\n\n<li>Construcci\u00f3n de c\u00e1mara para cloaca en Barrio Don Gregorio. Adem\u00e1s, se contin\u00faan conectando vecinos a nuestra red de agua y cloaca.<\/li>\n<\/ul>\n\n\n\n<p>Victoria, #MiCiudadQuerida \ud83e\ude75<\/p>\n\n\n\n<figure class=\"wp-block-gallery has-nested-images columns-default is-cropped wp-block-gallery-1 is-layout-flex wp-block-gallery-is-layout-flex\">\n<figure class=\"wp-block-image size-large\"><img fetchpriority=\"high\" decoding=\"async\" width=\"1024\" height=\"682\" data-id=\"1383\" src=\"https:\/\/victoria.gob.ar\/prensa\/wp-content\/uploads\/2025\/08\/WhatsApp-Image-2025-08-05-at-21.10.21-2-1024x682.jpeg\" alt=\"\" class=\"wp-image-1383\" srcset=\"https:\/\/victoria.gob.ar\/prensa\/wp-content\/uploads\/2025\/08\/WhatsApp-Image-2025-08-05-at-21.10.21-2-1024x682.jpeg 1024w, https:\/\/victoria.gob.ar\/prensa\/wp-content\/uploads\/2025\/08\/WhatsApp-Image-2025-08-05-at-21.10.21-2-300x200.jpeg 300w, https:\/\/victoria.gob.ar\/prensa\/wp-content\/uploads\/2025\/08\/WhatsApp-Image-2025-08-05-at-21.10.21-2-768x512.jpeg 768w, https:\/\/victoria.gob.ar\/prensa\/wp-content\/uploads\/2025\/08\/WhatsApp-Image-2025-08-05-at-21.10.21-2-1536x1023.jpeg 1536w, https:\/\/victoria.gob.ar\/prensa\/wp-content\/uploads\/2025\/08\/WhatsApp-Image-2025-08-05-at-21.10.21-2.jpeg 1600w\" sizes=\"(max-width: 1024px) 100vw, 1024px\" \/><\/figure>\n\n\n\n<figure class=\"wp-block-image size-large\"><img decoding=\"async\" width=\"1024\" height=\"682\" data-id=\"1384\" src=\"https:\/\/victoria.gob.ar\/prensa\/wp-content\/uploads\/2025\/08\/WhatsApp-Image-2025-08-05-at-21.10.21-1-1024x682.jpeg\" alt=\"\" class=\"wp-image-1384\" srcset=\"https:\/\/victoria.gob.ar\/prensa\/wp-content\/uploads\/2025\/08\/WhatsApp-Image-2025-08-05-at-21.10.21-1-1024x682.jpeg 1024w, https:\/\/victoria.gob.ar\/prensa\/wp-content\/uploads\/2025\/08\/WhatsApp-Image-2025-08-05-at-21.10.21-1-300x200.jpeg 300w, https:\/\/victoria.gob.ar\/prensa\/wp-content\/uploads\/2025\/08\/WhatsApp-Image-2025-08-05-at-21.10.21-1-768x512.jpeg 768w, https:\/\/victoria.gob.ar\/prensa\/wp-content\/uploads\/2025\/08\/WhatsApp-Image-2025-08-05-at-21.10.21-1-1536x1023.jpeg 1536w, https:\/\/victoria.gob.ar\/prensa\/wp-content\/uploads\/2025\/08\/WhatsApp-Image-2025-08-05-at-21.10.21-1.jpeg 1600w\" sizes=\"(max-width: 1024px) 100vw, 1024px\" \/><\/figure>\n\n\n\n<figure class=\"wp-block-image size-large\"><img decoding=\"async\" width=\"1024\" height=\"682\" data-id=\"1386\" src=\"https:\/\/victoria.gob.ar\/prensa\/wp-content\/uploads\/2025\/08\/WhatsApp-Image-2025-08-05-at-21.10.21-1024x682.jpeg\" alt=\"\" class=\"wp-image-1386\" srcset=\"https:\/\/victoria.gob.ar\/prensa\/wp-content\/uploads\/2025\/08\/WhatsApp-Image-2025-08-05-at-21.10.21-1024x682.jpeg 1024w, https:\/\/victoria.gob.ar\/prensa\/wp-content\/uploads\/2025\/08\/WhatsApp-Image-2025-08-05-at-21.10.21-300x200.jpeg 300w, https:\/\/victoria.gob.ar\/prensa\/wp-content\/uploads\/2025\/08\/WhatsApp-Image-2025-08-05-at-21.10.21-768x512.jpeg 768w, https:\/\/victoria.gob.ar\/prensa\/wp-content\/uploads\/2025\/08\/WhatsApp-Image-2025-08-05-at-21.10.21-1536x1023.jpeg 1536w, https:\/\/victoria.gob.ar\/prensa\/wp-content\/uploads\/2025\/08\/WhatsApp-Image-2025-08-05-at-21.10.21.jpeg 1600w\" sizes=\"(max-width: 1024px) 100vw, 1024px\" \/><\/figure>\n\n\n\n<figure class=\"wp-block-image size-large\"><img loading=\"lazy\" decoding=\"async\" width=\"1024\" height=\"682\" data-id=\"1387\" src=\"https:\/\/victoria.gob.ar\/prensa\/wp-content\/uploads\/2025\/08\/WhatsApp-Image-2025-08-05-at-21.10.20-3-1024x682.jpeg\" alt=\"\" class=\"wp-image-1387\" srcset=\"https:\/\/victoria.gob.ar\/prensa\/wp-content\/uploads\/2025\/08\/WhatsApp-Image-2025-08-05-at-21.10.20-3-1024x682.jpeg 1024w, https:\/\/victoria.gob.ar\/prensa\/wp-content\/uploads\/2025\/08\/WhatsApp-Image-2025-08-05-at-21.10.20-3-300x200.jpeg 300w, https:\/\/victoria.gob.ar\/prensa\/wp-content\/uploads\/2025\/08\/WhatsApp-Image-2025-08-05-at-21.10.20-3-768x512.jpeg 768w, https:\/\/victoria.gob.ar\/prensa\/wp-content\/uploads\/2025\/08\/WhatsApp-Image-2025-08-05-at-21.10.20-3-1536x1023.jpeg 1536w, https:\/\/victoria.gob.ar\/prensa\/wp-content\/uploads\/2025\/08\/WhatsApp-Image-2025-08-05-at-21.10.20-3.jpeg 1600w\" sizes=\"(max-width: 1024px) 100vw, 1024px\" \/><\/figure>\n\n\n\n<figure class=\"wp-block-image size-large\"><img loading=\"lazy\" decoding=\"async\" width=\"1024\" height=\"682\" data-id=\"1389\" src=\"https:\/\/victoria.gob.ar\/prensa\/wp-content\/uploads\/2025\/08\/WhatsApp-Image-2025-08-05-at-21.10.20-2-1024x682.jpeg\" alt=\"\" class=\"wp-image-1389\" srcset=\"https:\/\/victoria.gob.ar\/prensa\/wp-content\/uploads\/2025\/08\/WhatsApp-Image-2025-08-05-at-21.10.20-2-1024x682.jpeg 1024w, https:\/\/victoria.gob.ar\/prensa\/wp-content\/uploads\/2025\/08\/WhatsApp-Image-2025-08-05-at-21.10.20-2-300x200.jpeg 300w, https:\/\/victoria.gob.ar\/prensa\/wp-content\/uploads\/2025\/08\/WhatsApp-Image-2025-08-05-at-21.10.20-2-768x512.jpeg 768w, https:\/\/victoria.gob.ar\/prensa\/wp-content\/uploads\/2025\/08\/WhatsApp-Image-2025-08-05-at-21.10.20-2-1536x1023.jpeg 1536w, https:\/\/victoria.gob.ar\/prensa\/wp-content\/uploads\/2025\/08\/WhatsApp-Image-2025-08-05-at-21.10.20-2.jpeg 1600w\" sizes=\"(max-width: 1024px) 100vw, 1024px\" \/><\/figure>\n\n\n\n<figure class=\"wp-block-image size-large\"><img loading=\"lazy\" decoding=\"async\" width=\"1024\" height=\"682\" data-id=\"1388\" src=\"https:\/\/victoria.gob.ar\/prensa\/wp-content\/uploads\/2025\/08\/WhatsApp-Image-2025-08-05-at-21.10.20-1-1024x682.jpeg\" alt=\"\" class=\"wp-image-1388\" srcset=\"https:\/\/victoria.gob.ar\/prensa\/wp-content\/uploads\/2025\/08\/WhatsApp-Image-2025-08-05-at-21.10.20-1-1024x682.jpeg 1024w, https:\/\/victoria.gob.ar\/prensa\/wp-content\/uploads\/2025\/08\/WhatsApp-Image-2025-08-05-at-21.10.20-1-300x200.jpeg 300w, https:\/\/victoria.gob.ar\/prensa\/wp-content\/uploads\/2025\/08\/WhatsApp-Image-2025-08-05-at-21.10.20-1-768x512.jpeg 768w, https:\/\/victoria.gob.ar\/prensa\/wp-content\/uploads\/2025\/08\/WhatsApp-Image-2025-08-05-at-21.10.20-1-1536x1023.jpeg 1536w, https:\/\/victoria.gob.ar\/prensa\/wp-content\/uploads\/2025\/08\/WhatsApp-Image-2025-08-05-at-21.10.20-1.jpeg 1600w\" sizes=\"(max-width: 1024px) 100vw, 1024px\" \/><\/figure>\n\n\n\n<figure class=\"wp-block-image size-large\"><img loading=\"lazy\" decoding=\"async\" width=\"1024\" height=\"682\" data-id=\"1385\" src=\"https:\/\/victoria.gob.ar\/prensa\/wp-content\/uploads\/2025\/08\/WhatsApp-Image-2025-08-05-at-21.10.20-1024x682.jpeg\" alt=\"\" class=\"wp-image-1385\" srcset=\"https:\/\/victoria.gob.ar\/prensa\/wp-content\/uploads\/2025\/08\/WhatsApp-Image-2025-08-05-at-21.10.20-1024x682.jpeg 1024w, https:\/\/victoria.gob.ar\/prensa\/wp-content\/uploads\/2025\/08\/WhatsApp-Image-2025-08-05-at-21.10.20-300x200.jpeg 300w, https:\/\/victoria.gob.ar\/prensa\/wp-content\/uploads\/2025\/08\/WhatsApp-Image-2025-08-05-at-21.10.20-768x512.jpeg 768w, https:\/\/victoria.gob.ar\/prensa\/wp-content\/uploads\/2025\/08\/WhatsApp-Image-2025-08-05-at-21.10.20-1536x1023.jpeg 1536w, https:\/\/victoria.gob.ar\/prensa\/wp-content\/uploads\/2025\/08\/WhatsApp-Image-2025-08-05-at-21.10.20.jpeg 1600w\" sizes=\"(max-width: 1024px) 100vw, 1024px\" \/><\/figure>\n\n\n\n<figure class=\"wp-block-image size-large\"><img loading=\"lazy\" decoding=\"async\" width=\"1024\" height=\"682\" data-id=\"1391\" src=\"https:\/\/victoria.gob.ar\/prensa\/wp-content\/uploads\/2025\/08\/WhatsApp-Image-2025-08-05-at-21.10.19-1-1024x682.jpeg\" alt=\"\" class=\"wp-image-1391\" srcset=\"https:\/\/victoria.gob.ar\/prensa\/wp-content\/uploads\/2025\/08\/WhatsApp-Image-2025-08-05-at-21.10.19-1-1024x682.jpeg 1024w, https:\/\/victoria.gob.ar\/prensa\/wp-content\/uploads\/2025\/08\/WhatsApp-Image-2025-08-05-at-21.10.19-1-300x200.jpeg 300w, https:\/\/victoria.gob.ar\/prensa\/wp-content\/uploads\/2025\/08\/WhatsApp-Image-2025-08-05-at-21.10.19-1-768x512.jpeg 768w, https:\/\/victoria.gob.ar\/prensa\/wp-content\/uploads\/2025\/08\/WhatsApp-Image-2025-08-05-at-21.10.19-1-1536x1023.jpeg 1536w, https:\/\/victoria.gob.ar\/prensa\/wp-content\/uploads\/2025\/08\/WhatsApp-Image-2025-08-05-at-21.10.19-1.jpeg 1600w\" sizes=\"(max-width: 1024px) 100vw, 1024px\" \/><\/figure>\n\n\n\n<figure class=\"wp-block-image size-large\"><img loading=\"lazy\" decoding=\"async\" width=\"1024\" height=\"682\" data-id=\"1390\" src=\"https:\/\/victoria.gob.ar\/prensa\/wp-content\/uploads\/2025\/08\/WhatsApp-Image-2025-08-05-at-21.10.19-1024x682.jpeg\" alt=\"\" class=\"wp-image-1390\" srcset=\"https:\/\/victoria.gob.ar\/prensa\/wp-content\/uploads\/2025\/08\/WhatsApp-Image-2025-08-05-at-21.10.19-1024x682.jpeg 1024w, https:\/\/victoria.gob.ar\/prensa\/wp-content\/uploads\/2025\/08\/WhatsApp-Image-2025-08-05-at-21.10.19-300x200.jpeg 300w, https:\/\/victoria.gob.ar\/prensa\/wp-content\/uploads\/2025\/08\/WhatsApp-Image-2025-08-05-at-21.10.19-768x512.jpeg 768w, https:\/\/victoria.gob.ar\/prensa\/wp-content\/uploads\/2025\/08\/WhatsApp-Image-2025-08-05-at-21.10.19-1536x1023.jpeg 1536w, https:\/\/victoria.gob.ar\/prensa\/wp-content\/uploads\/2025\/08\/WhatsApp-Image-2025-08-05-at-21.10.19.jpeg 1600w\" sizes=\"(max-width: 1024px) 100vw, 1024px\" \/><\/figure>\n<\/figure>\n","protected":false},"excerpt":{"rendered":"<p>\u2705 Bacheo intensivo en Gral. Hornos. La Municipalidad de Victoria avanza desde calle Italia hasta Bartoloni, reparando los sectores m\u00e1s da\u00f1ados. \u2705 Reparaci\u00f3n de losa en Espa\u00f1a y Per\u00f3n. Se&hellip; <\/p>\n","protected":false},"author":1,"featured_media":1392,"comment_status":"open","ping_status":"open","sticky":false,"template":"","format":"standard","meta":{"footnotes":""},"categories":[11,12,3],"tags":[],"class_list":["post-1382","post","type-post","status-publish","format-standard","has-post-thumbnail","hentry","category-hacienda","category-limpieza","category-obras-viales"],"_links":{"self":[{"href":"https:\/\/victoria.gob.ar\/prensa\/wp-json\/wp\/v2\/posts\/1382","targetHints":{"allow":["GET"]}}],"collection":[{"href":"https:\/\/victoria.gob.ar\/prensa\/wp-json\/wp\/v2\/posts"}],"about":[{"href":"https:\/\/victoria.gob.ar\/prensa\/wp-json\/wp\/v2\/types\/post"}],"author":[{"embeddable":true,"href":"https:\/\/victoria.gob.ar\/prensa\/wp-json\/wp\/v2\/users\/1"}],"replies":[{"embeddable":true,"href":"https:\/\/victoria.gob.ar\/prensa\/wp-json\/wp\/v2\/comments?post=1382"}],"version-history":[{"count":1,"href":"https:\/\/victoria.gob.ar\/prensa\/wp-json\/wp\/v2\/posts\/1382\/revisions"}],"predecessor-version":[{"id":1393,"href":"https:\/\/victoria.gob.ar\/prensa\/wp-json\/wp\/v2\/posts\/1382\/revisions\/1393"}],"wp:featuredmedia":[{"embeddable":true,"href":"https:\/\/victoria.gob.ar\/prensa\/wp-json\/wp\/v2\/media\/1392"}],"wp:attachment":[{"href":"https:\/\/victoria.gob.ar\/prensa\/wp-json\/wp\/v2\/media?parent=1382"}],"wp:term":[{"taxonomy":"category","embeddable":true,"href":"https:\/\/victoria.gob.ar\/prensa\/wp-json\/wp\/v2\/categories?post=1382"},{"taxonomy":"post_tag","embeddable":true,"href":"https:\/\/victoria.gob.ar\/prensa\/wp-json\/wp\/v2\/tags?post=1382"}],"curies":[{"name":"wp","href":"https:\/\/api.w.org\/{rel}","templated":true}]}}